{"id":14742,"date":"2021-02-26T08:44:20","date_gmt":"2021-02-26T11:44:20","guid":{"rendered":"http:\/\/www.centraldenoticias.com.ar\/?p=14742"},"modified":"2021-02-26T08:44:20","modified_gmt":"2021-02-26T11:44:20","slug":"la-juventud-de-la-lista-amarilla-colaborara-con-instituciones-locales","status":"publish","type":"post","link":"https:\/\/cdnoticias.com\/index.php\/2021\/02\/26\/la-juventud-de-la-lista-amarilla-colaborara-con-instituciones-locales\/","title":{"rendered":"La Juventud de la Lista Amarilla colaborar\u00e1 con instituciones locales"},"content":{"rendered":"<p>As\u00ed fue definido tras una reuni\u00f3n de la agrupaci\u00f3n. Se\u00f1alaron que realizar\u00e1n jornadas ben\u00e9ficas con el objetivo de \u201cafianzar a la comunidad en un momento dif\u00edcil\u201d.<!--more--><\/p>\n<hr \/>\n<p>Tras un encuentro donde participaron una treintena de personas,<strong> la Juventud de la Lista Amarilla confirm\u00f3 que colaborar\u00e1, mediante jornadas ben\u00e9ficas, con instituciones locales que atraviesan un duro momento producto de la pandemia por COVID-19.<\/strong><\/p>\n<p>&nbsp;<\/p>\n<p>Mediante un comunicado, se\u00f1alaron que el grupo <em>\u201cdeline\u00f3 diversos trabajos para continuar con el compromiso social de acompa\u00f1ar a las instituciones locales\u201d<\/em> con el objetivo de <em>\u201cafianzar la comunidad de nuestra ciudad y las localidades del Partido\u201d.<\/em><\/p>\n<p>&nbsp;<\/p>\n<blockquote><p>Indicaron que \u201cen momentos duros se debe estar presente y hay que colaborar con todas las herramientas que est\u00e9n al alcance\u201d.<\/p><\/blockquote>\n<p>&nbsp;<\/p>\n<p>En el encuentro se confirm\u00f3 que se programar\u00e1n jornadas ben\u00e9ficas que <em>\u201cser\u00e1n oportunamente informadas\u201d<\/em> para de esta forma<strong><em> \u201cestar en contacto con nuestra sociedad y decir presente en los acontecimientos que vayan surgiendo\u201d.<\/em><\/strong><\/p>\n<p>&nbsp;<\/p>\n<p>Finalmente, cerraron se\u00f1alando que el compromiso social de los j\u00f3venes<em> \u201cfortalece el esp\u00edritu cooperativo y pone por delante un valor fundamental como la solidaridad para salir adelante como sociedad, y de esta forma, construir y afianzar un mejor futuro para nuestra comunidad\u201d.<\/em><\/p>\n","protected":false},"excerpt":{"rendered":"<p>As\u00ed fue definido tras una reuni\u00f3n de la agrupaci\u00f3n. Se\u00f1alaron que realizar\u00e1n jornadas ben\u00e9ficas con el objetivo de \u201cafianzar a<\/p>\n","protected":false},"author":2,"featured_media":14743,"comment_status":"closed","ping_status":"closed","sticky":false,"template":"","format":"standard","meta":{"_jetpack_memberships_contains_paid_content":false,"footnotes":""},"categories":[4,1],"tags":[],"class_list":["post-14742","post","type-post","status-publish","format-standard","has-post-thumbnail","hentry","category-politica","category-portada"],"jetpack_featured_media_url":"https:\/\/i0.wp.com\/cdnoticias.com\/wp-content\/uploads\/2021\/02\/Reuni%C3%B3n-J%C3%B3venes-LA.jpeg?fit=1280%2C960&ssl=1","jetpack_sharing_enabled":true,"_links":{"self":[{"href":"https:\/\/cdnoticias.com\/index.php\/wp-json\/wp\/v2\/posts\/14742","targetHints":{"allow":["GET"]}}],"collection":[{"href":"https:\/\/cdnoticias.com\/index.php\/wp-json\/wp\/v2\/posts"}],"about":[{"href":"https:\/\/cdnoticias.com\/index.php\/wp-json\/wp\/v2\/types\/post"}],"author":[{"embeddable":true,"href":"https:\/\/cdnoticias.com\/index.php\/wp-json\/wp\/v2\/users\/2"}],"replies":[{"embeddable":true,"href":"https:\/\/cdnoticias.com\/index.php\/wp-json\/wp\/v2\/comments?post=14742"}],"version-history":[{"count":0,"href":"https:\/\/cdnoticias.com\/index.php\/wp-json\/wp\/v2\/posts\/14742\/revisions"}],"wp:featuredmedia":[{"embeddable":true,"href":"https:\/\/cdnoticias.com\/index.php\/wp-json\/wp\/v2\/media\/14743"}],"wp:attachment":[{"href":"https:\/\/cdnoticias.com\/index.php\/wp-json\/wp\/v2\/media?parent=14742"}],"wp:term":[{"taxonomy":"category","embeddable":true,"href":"https:\/\/cdnoticias.com\/index.php\/wp-json\/wp\/v2\/categories?post=14742"},{"taxonomy":"post_tag","embeddable":true,"href":"https:\/\/cdnoticias.com\/index.php\/wp-json\/wp\/v2\/tags?post=14742"}],"curies":[{"name":"wp","href":"https:\/\/api.w.org\/{rel}","templated":true}]}}