{"id":147406,"date":"2022-04-12T19:10:09","date_gmt":"2022-04-12T22:10:09","guid":{"rendered":"http:\/\/centraldeportes.com.ar\/?p=14404"},"modified":"2022-04-12T19:10:09","modified_gmt":"2022-04-12T22:10:09","slug":"estudiantes-tuvo-el-acto-aniversario-por-sus-primeros-110-anos","status":"publish","type":"post","link":"https:\/\/cdnoticias.com\/index.php\/2022\/04\/12\/estudiantes-tuvo-el-acto-aniversario-por-sus-primeros-110-anos\/","title":{"rendered":"Estudiantes tuvo el acto aniversario por sus primeros 110\u00b0 a\u00f1os"},"content":{"rendered":"<p>Este martes, el Club Estudiantes celebra sus primeros 110 a\u00f1os y en el Parque Guerrero se llev\u00f3 a cabo un acto conmemorativo donde se reconoci\u00f3 a socios y socias mayores de 80 a\u00f1os. Adem\u00e1s, se plant\u00f3 un \u00e1rbol y se enterr\u00f3 una capsula del tiempo para ser descubierta en el bicentenario de la entidad.<!--more--><\/p>\n<hr \/>\n<p>Emilio Inacurgarat encabez\u00f3 el acto de aniversario de la entidad \u201cBataraz\u201d y tras unas pocas palabras de agradecimiento, \u00a0junto con otros cuatro presidentes -Alem, Gonz\u00e1lez, Hoffmann y Pugnaloni- plantaron un \u00e1rbol en la orilla del arroyo Tapalqu\u00e9.<\/p>\n<p>&nbsp;<\/p>\n<p>Adem\u00e1s, la Comisi\u00f3n Directiva reconoci\u00f3 a 37 socios y socias &#8220;albinegros&#8221; que tienen m\u00e1s de 80 a\u00f1os y fue Vicente Puglisi, con sus 87 a\u00f1os, el encargado de enterrar una c\u00e1psula del tiempo que ser\u00e1 abierta el d\u00eda del bicentenario, el venidero 12 de abril de 2112.<\/p>\n<p>&nbsp;<\/p>\n<p>[soliloquy slug=&#8221;100-bata&#8221;]<\/p>\n<p>&nbsp;<\/p>\n<p>El socio cerr\u00f3 la ceremonia ante el medio centenar de asistentes con unas palabras: \u201c<em>Puede fallar mi memoria, pero desde los 12 a\u00f1os vengo al club y siempre fue un placer, hice todo lo que pude en todos los deportes y siempre dije que al Club Estudiantes hay que ayudarlo, hay que pagar la cuota porque es el club m\u00e1s lindo de la provincia de Buenos Aires<\/em>\u201d.<\/p>\n","protected":false},"excerpt":{"rendered":"<p>Este martes, el Club Estudiantes celebra sus primeros 110 a\u00f1os y en el Parque Guerrero se llev\u00f3 a cabo un<\/p>\n","protected":false},"author":96739694,"featured_media":147409,"comment_status":"closed","ping_status":"closed","sticky":false,"template":"","format":"standard","meta":{"_jetpack_memberships_contains_paid_content":false,"footnotes":""},"categories":[30,1],"tags":[],"class_list":["post-147406","post","type-post","status-publish","format-standard","has-post-thumbnail","hentry","category-polideportivo","category-portada"],"jetpack_featured_media_url":"https:\/\/i0.wp.com\/cdnoticias.com\/wp-content\/uploads\/2022\/04\/100bata-1.png?fit=1280%2C853&ssl=1","jetpack_sharing_enabled":true,"_links":{"self":[{"href":"https:\/\/cdnoticias.com\/index.php\/wp-json\/wp\/v2\/posts\/147406","targetHints":{"allow":["GET"]}}],"collection":[{"href":"https:\/\/cdnoticias.com\/index.php\/wp-json\/wp\/v2\/posts"}],"about":[{"href":"https:\/\/cdnoticias.com\/index.php\/wp-json\/wp\/v2\/types\/post"}],"author":[{"embeddable":true,"href":"https:\/\/cdnoticias.com\/index.php\/wp-json\/wp\/v2\/users\/96739694"}],"replies":[{"embeddable":true,"href":"https:\/\/cdnoticias.com\/index.php\/wp-json\/wp\/v2\/comments?post=147406"}],"version-history":[{"count":0,"href":"https:\/\/cdnoticias.com\/index.php\/wp-json\/wp\/v2\/posts\/147406\/revisions"}],"wp:featuredmedia":[{"embeddable":true,"href":"https:\/\/cdnoticias.com\/index.php\/wp-json\/wp\/v2\/media\/147409"}],"wp:attachment":[{"href":"https:\/\/cdnoticias.com\/index.php\/wp-json\/wp\/v2\/media?parent=147406"}],"wp:term":[{"taxonomy":"category","embeddable":true,"href":"https:\/\/cdnoticias.com\/index.php\/wp-json\/wp\/v2\/categories?post=147406"},{"taxonomy":"post_tag","embeddable":true,"href":"https:\/\/cdnoticias.com\/index.php\/wp-json\/wp\/v2\/tags?post=147406"}],"curies":[{"name":"wp","href":"https:\/\/api.w.org\/{rel}","templated":true}]}}