{"id":147393,"date":"2022-04-13T17:06:02","date_gmt":"2022-04-13T20:06:02","guid":{"rendered":"http:\/\/centraldeportes.com.ar\/?p=14462"},"modified":"2022-04-13T17:06:02","modified_gmt":"2022-04-13T20:06:02","slug":"hubo-competencia-en-el-arroyo-tapalque","status":"publish","type":"post","link":"https:\/\/cdnoticias.com\/index.php\/2022\/04\/13\/hubo-competencia-en-el-arroyo-tapalque\/","title":{"rendered":"Hubo competencia en el arroyo Tapalqu\u00e9"},"content":{"rendered":"<p>Pas\u00f3 por Estudiantes la segunda regata organizada por la Federaci\u00f3n Bonaerense de Canoas y Kayaks con un importante n\u00famero de deportistas que compitieron en el transcurso del fin de semana.<\/p>\n<p><!--more--><\/p>\n<hr \/>\n<p>El pasado domingo, en Estudiantes finaliz\u00f3 la multitudinaria regata pero debido a las tormentas que llegaron pasado el mediod\u00eda, debieron suspenderse algunas carreras que deb\u00edan disputarse.<\/p>\n<p>&nbsp;<\/p>\n<p><img data-recalc-dims=\"1\" loading=\"lazy\" decoding=\"async\" class=\"alignnone size-full wp-image-14480\" src=\"https:\/\/i0.wp.com\/centraldeportes.com.ar\/wp-content\/uploads\/2022\/04\/canotaje-3.png?resize=800%2C533\" alt=\"\" width=\"800\" height=\"533\" \/><\/p>\n<p>&nbsp;<\/p>\n<p>Para concluir, se vivi\u00f3 un gran fin de semana en el que el Arroyo Tapalqu\u00e9 se visti\u00f3 de fiesta y recibi\u00f3 a casi tres centenares palistas de toda la provincia.<\/p>\n<p>&nbsp;<\/p>\n<p><img data-recalc-dims=\"1\" loading=\"lazy\" decoding=\"async\" class=\"alignnone size-full wp-image-14478\" src=\"https:\/\/i0.wp.com\/centraldeportes.com.ar\/wp-content\/uploads\/2022\/04\/canotaje-1.png?resize=800%2C533\" alt=\"\" width=\"800\" height=\"533\" \/><\/p>\n<p>&nbsp;<\/p>\n<p>Los resultados finales para los palistas de Estudiantes fueron:<br \/>\nMenores Damas \u2013 430 2000 M:<br \/>\n1\u00b0 Consuelo Mart\u00ednez (CAE)<br \/>\nMenores Damas \u2013 K1 2000 M<br \/>\n2\u00b0 Consuelo Mart\u00ednez (CAE)<br \/>\nSeniors Caballeros \u2013 430 3 Km Promocional:<br \/>\n1\u00b0 Nicol\u00e1s Tripavo (CAE)<br \/>\nCadetes Damas \u2013 K2 12 Km:<br \/>\n2\u00b0 Maitena Jorge \u2013 Lourdes Pintaric (CAE \u2013 N\u00e1utico El Tim\u00f3n)<br \/>\nJuniors Damas \u2013 K2 12 Km:<br \/>\n1\u00b0 Martina Rodr\u00edguez \u2013 Paloma Botta (CAE)<br \/>\nJuniors Caballeros \u2013 K1 16 Km<br \/>\n3\u00b0 Tob\u00edas G\u00f3mez (CAE)<\/p>\n","protected":false},"excerpt":{"rendered":"<p>Pas\u00f3 por Estudiantes la segunda regata organizada por la Federaci\u00f3n Bonaerense de Canoas y Kayaks con un importante n\u00famero de<\/p>\n","protected":false},"author":96739694,"featured_media":147395,"comment_status":"closed","ping_status":"closed","sticky":false,"template":"","format":"standard","meta":{"_jetpack_memberships_contains_paid_content":false,"footnotes":""},"categories":[30,1],"tags":[],"class_list":["post-147393","post","type-post","status-publish","format-standard","has-post-thumbnail","hentry","category-polideportivo","category-portada"],"jetpack_featured_media_url":"https:\/\/i0.wp.com\/cdnoticias.com\/wp-content\/uploads\/2022\/04\/canotaje-2.png?fit=1280%2C853&ssl=1","jetpack_sharing_enabled":true,"_links":{"self":[{"href":"https:\/\/cdnoticias.com\/index.php\/wp-json\/wp\/v2\/posts\/147393","targetHints":{"allow":["GET"]}}],"collection":[{"href":"https:\/\/cdnoticias.com\/index.php\/wp-json\/wp\/v2\/posts"}],"about":[{"href":"https:\/\/cdnoticias.com\/index.php\/wp-json\/wp\/v2\/types\/post"}],"author":[{"embeddable":true,"href":"https:\/\/cdnoticias.com\/index.php\/wp-json\/wp\/v2\/users\/96739694"}],"replies":[{"embeddable":true,"href":"https:\/\/cdnoticias.com\/index.php\/wp-json\/wp\/v2\/comments?post=147393"}],"version-history":[{"count":0,"href":"https:\/\/cdnoticias.com\/index.php\/wp-json\/wp\/v2\/posts\/147393\/revisions"}],"wp:featuredmedia":[{"embeddable":true,"href":"https:\/\/cdnoticias.com\/index.php\/wp-json\/wp\/v2\/media\/147395"}],"wp:attachment":[{"href":"https:\/\/cdnoticias.com\/index.php\/wp-json\/wp\/v2\/media?parent=147393"}],"wp:term":[{"taxonomy":"category","embeddable":true,"href":"https:\/\/cdnoticias.com\/index.php\/wp-json\/wp\/v2\/categories?post=147393"},{"taxonomy":"post_tag","embeddable":true,"href":"https:\/\/cdnoticias.com\/index.php\/wp-json\/wp\/v2\/tags?post=147393"}],"curies":[{"name":"wp","href":"https:\/\/api.w.org\/{rel}","templated":true}]}}