{"id":147369,"date":"2022-04-14T18:02:02","date_gmt":"2022-04-14T21:02:02","guid":{"rendered":"http:\/\/centraldeportes.com.ar\/?p=14557"},"modified":"2022-04-14T18:02:02","modified_gmt":"2022-04-14T21:02:02","slug":"charly-macias-dirigira-en-el-ascenso-del-basquet-de-chile","status":"publish","type":"post","link":"https:\/\/cdnoticias.com\/index.php\/2022\/04\/14\/charly-macias-dirigira-en-el-ascenso-del-basquet-de-chile\/","title":{"rendered":"\u201cCharly\u201d Mac\u00edas dirigir\u00e1 en el ascenso del b\u00e1squet de Chile"},"content":{"rendered":"<p>A pocos d\u00edas de haber sido confirmado como entrenador de Espa\u00f1ol de Osorno en Chile, Marcelo Mac\u00edas habl\u00f3 con UCU Web sobre esta nueva posibilidad laboral.<!--more--><\/p>\n<hr \/>\n<p>\u201cHab\u00eda disfrutado mucho estar en Olavarr\u00eda, pero sent\u00eda la necesidad de trabajar\u201d, confirm\u00f3 \u201cCharly\u201d Mac\u00edas tras aceptar la oferta de Espa\u00f1ol de Osorno que luchar\u00e1 por el ascenso a la m\u00e1xima categor\u00eda del b\u00e1squet trasandino.<\/p>\n<p>&nbsp;<\/p>\n<p>El olavarriense que dirigi\u00f3 a Estudiantes la temporada pasada en La Liga Argentina asegur\u00f3 con el programa radial especializado que \u201c<em>llego a Chile con mucha ilusi\u00f3n, el manager (Carlos Moraga) es muy entusiasta y la idea es volver a la \u00e9lite del b\u00e1squetbol chileno. Estamos en la ingenier\u00eda y armado del equipo para la Liga Saesa y la Liga Nacional Dos<\/em>\u201d se\u00f1al\u00f3 en una entrevista.<\/p>\n<p>&nbsp;<\/p>\n<p>Luego se refiri\u00f3 al presente de los entrenadores argentinos: \u201c<em>Hoy es una marca registrada. Nuestro compromiso es seguir abriendo puertas fuera de nuestra Liga Nacional. Somos muy respetados y valorados, es un plus y una responsabilidad grande. Tenemos que ser agradecidos de poder trabajar y tener el apoyo de la familia, que es una prioridad para m\u00ed<\/em>\u201d.<\/p>\n<p>&nbsp;<\/p>\n<p>Por \u00faltimo, habl\u00f3 de los equipos de la ciudad: \u201c<em>Me pone muy contento el presente del Estudiantes en la Liga Argentina<\/em>\u201d y agreg\u00f3: \u201c<em>Para la ciudad, tambi\u00e9n es importante que est\u00e9 Racing en la Liga Federal<\/em>\u201d.<\/p>\n","protected":false},"excerpt":{"rendered":"<p>A pocos d\u00edas de haber sido confirmado como entrenador de Espa\u00f1ol de Osorno en Chile, Marcelo Mac\u00edas habl\u00f3 con UCU<\/p>\n","protected":false},"author":96739694,"featured_media":147370,"comment_status":"closed","ping_status":"closed","sticky":false,"template":"","format":"standard","meta":{"_jetpack_memberships_contains_paid_content":false,"footnotes":""},"categories":[31,42,1],"tags":[],"class_list":["post-147369","post","type-post","status-publish","format-standard","has-post-thumbnail","hentry","category-basquet","category-olavarrienses-en-lugares","category-portada"],"jetpack_featured_media_url":"https:\/\/i0.wp.com\/cdnoticias.com\/wp-content\/uploads\/2022\/04\/WhatsApp-Image-2022-04-14-at-6.04.04-PM.jpeg?fit=718%2C403&ssl=1","jetpack_sharing_enabled":true,"_links":{"self":[{"href":"https:\/\/cdnoticias.com\/index.php\/wp-json\/wp\/v2\/posts\/147369","targetHints":{"allow":["GET"]}}],"collection":[{"href":"https:\/\/cdnoticias.com\/index.php\/wp-json\/wp\/v2\/posts"}],"about":[{"href":"https:\/\/cdnoticias.com\/index.php\/wp-json\/wp\/v2\/types\/post"}],"author":[{"embeddable":true,"href":"https:\/\/cdnoticias.com\/index.php\/wp-json\/wp\/v2\/users\/96739694"}],"replies":[{"embeddable":true,"href":"https:\/\/cdnoticias.com\/index.php\/wp-json\/wp\/v2\/comments?post=147369"}],"version-history":[{"count":0,"href":"https:\/\/cdnoticias.com\/index.php\/wp-json\/wp\/v2\/posts\/147369\/revisions"}],"wp:featuredmedia":[{"embeddable":true,"href":"https:\/\/cdnoticias.com\/index.php\/wp-json\/wp\/v2\/media\/147370"}],"wp:attachment":[{"href":"https:\/\/cdnoticias.com\/index.php\/wp-json\/wp\/v2\/media?parent=147369"}],"wp:term":[{"taxonomy":"category","embeddable":true,"href":"https:\/\/cdnoticias.com\/index.php\/wp-json\/wp\/v2\/categories?post=147369"},{"taxonomy":"post_tag","embeddable":true,"href":"https:\/\/cdnoticias.com\/index.php\/wp-json\/wp\/v2\/tags?post=147369"}],"curies":[{"name":"wp","href":"https:\/\/api.w.org\/{rel}","templated":true}]}}