{"id":14735,"date":"2021-02-26T08:25:02","date_gmt":"2021-02-26T11:25:02","guid":{"rendered":"http:\/\/www.centraldenoticias.com.ar\/?p=14735"},"modified":"2021-02-26T09:44:30","modified_gmt":"2021-02-26T12:44:30","slug":"marcos-pascua-hoy-no-estamos-formando-personas-para-que-conduzcan-bien","status":"publish","type":"post","link":"https:\/\/cdnoticias.com\/index.php\/2021\/02\/26\/marcos-pascua-hoy-no-estamos-formando-personas-para-que-conduzcan-bien\/","title":{"rendered":"Marcos Pascua: \u201cHoy no estamos formando personas para que conduzcan bien\u201d"},"content":{"rendered":"<p>El Ingeniero Civil Marcos Pascua dialog\u00f3 con el programa Ya Fue y analiz\u00f3 la situaci\u00f3n local en materia de seguridad y siniestralidad vial. \u201cLos controles son escasos\u201d, cuestion\u00f3.<!--more--><\/p>\n<hr \/>\n<p>La siniestralidad vial es un problem\u00e1tica hist\u00f3rica y permanente de la ciudad, pero que en los \u00faltimos tiempos gan\u00f3 a\u00fan m\u00e1s atenci\u00f3n debido al incremento en las cifras a medida que las restricciones por la pandemia comenzaron a ser m\u00e1s flexibles. En este contexto la palabra, y consejo, de los especialistas tambi\u00e9n cobran relevancia y por ello <strong>Marcos Pascua dialog\u00f3 en las \u00faltimas horas con Ya Fue, el programa que se emite por FM 99.9 de lunes a viernes de 17 a 21.<\/strong><\/p>\n<p>&nbsp;<\/p>\n<p><strong>\u201cLo que pasa es que se est\u00e1 volviendo una circulaci\u00f3n m\u00e1s parecida a la prepandemia\u201d<\/strong>, consider\u00f3 en ese sentido el ingeniero civil, quien tambi\u00e9n colabora con sus informes y art\u00edculos period\u00edsticos en <em><strong>Central de Noticias<\/strong><\/em>. <strong>\u201cDe hecho se empez\u00f3 a ver en los siniestros viales c\u00f3mo, a medida que las restricciones se liberan, empiezan a aumentar los siniestros en horarios cada vez m\u00e1s tarde\u201d<\/strong>, complet\u00f3 a medida que ejemplificaba c\u00f3mo los accidentes ya se dan en todo momento del d\u00eda.<\/p>\n<p>&nbsp;<\/p>\n<blockquote><p>En una carrera, \u00bfqu\u00e9 profesionales queremos formar? Bueno, ac\u00e1, \u00bfqu\u00e9 conductores queremos formar? Esto es un proceso largo, no va a cambiar de un a\u00f1o a otro, pero tiene que empezar ahora para que en 10 a\u00f1os tengamos personas responsables, emp\u00e1ticas, que entiendan qu\u00e9 significa conducir.<\/p>\n<p>&nbsp;<\/p><\/blockquote>\n<p>\u201cEs multicausal\u201d, se\u00f1al\u00f3 cuando las preguntas avanzaron sobre los por qu\u00e9. Sin embargo, hubo un factor al que le dedic\u00f3 un apartado especial. <strong>\u201cPrincipalmente, es lo que se falla estructuralmente, no solo en Olavarr\u00eda, sino en el pa\u00eds e incluso en Latinoam\u00e9rica, que es el tema de la formaci\u00f3n de las personas que conducen\u201d<\/strong>, consider\u00f3. \u201cHoy no estamos formando personas para que conduzcan bien,<strong> es como que a m\u00ed para que me den el t\u00edtulo de Ingeniero hubiera bastado con saber sumar, es un poco lo que pasa con la conducci\u00f3n hoy. Con esquivar un par de conos, y responder a un par de preguntas que todos sabemos cu\u00e1les son, basta para obtener un carnet<\/strong>. La realidad es que tener un carnet conlleva una responsabilidad, una formaci\u00f3n. En definitiva, uno comparte el espacio p\u00fablico con un mont\u00f3n de personas, y si lo hace mal puede terminar mal\u201d, subray\u00f3.<\/p>\n<p>&nbsp;<\/p>\n<p>Fue all\u00ed que enfatiz\u00f3 que <strong>\u201clo que falta es una concientizaci\u00f3n sobre algo fundamental que es la velocidad\u201d<\/strong>. Tambi\u00e9n introdujo otras cuestiones que no son menores, como la \u201cempat\u00eda\u201d y la \u201cfalta de apego a las reglas\u201d. \u201cEs cultural, no hay controles, los pocos que hay no tienden a reducir la velocidad en la circulaci\u00f3n. Tienden a ser recaudatorios,<strong> cuando el objetivo es recaudar, se pierde del enfoque del control. Lo que necesitamos es formaci\u00f3n para explicarle a la gente qu\u00e9 significa conducir un veh\u00edculo, y necesitamos controles para eso. Tenemos una buena legislaci\u00f3n en general, pero no tiene buenos controles\u201d<\/strong>, insisti\u00f3.<\/p>\n<p>&nbsp;<\/p>\n<blockquote><p>Una persona que cruza caminando y es impactada a 50 kil\u00f3metros por hora tiene 80% de posibilidades de morir por el impacto. Eso creo que es lo que falta, dimensionar<\/p><\/blockquote>\n<p>&nbsp;<\/p>\n<p>Luego consider\u00f3 que a nivel macro, o estructural, tambi\u00e9n se est\u00e1 fallando. Su an\u00e1lisis fue con respecto al dise\u00f1o de las ciudades, en lo que consider\u00f3 que se\u00a0<strong>tiene que avanzar hacia un casco urbano en el que \u201ccada vez sea m\u00e1s dif\u00edcil circular en auto<\/strong>. Que empiece a generar espacios para otras formas de movilidad\u201d, se\u00f1al\u00f3 como antesala a mencionar, por ejemplo, a ciclistas, peatones o la utilizaci\u00f3n del transporte p\u00fablico.<\/p>\n<p>&nbsp;<\/p>\n<p>\u201cTenemos que cambiar el enfoque. <strong>La movilidad es un concepto integral, m\u00e1s amplio que la moto o el auto, tambi\u00e9n tiene otros usuarios como la bicicleta, el transporte p\u00fablico o el peat\u00f3n<\/strong>. Las ciudades que mejoraron esto es porque se enfocaron ah\u00ed\u201d, concluy\u00f3.<\/p>\n","protected":false},"excerpt":{"rendered":"<p>El Ingeniero Civil Marcos Pascua dialog\u00f3 con el programa Ya Fue y analiz\u00f3 la situaci\u00f3n local en materia de seguridad<\/p>\n","protected":false},"author":3,"featured_media":14738,"comment_status":"closed","ping_status":"closed","sticky":false,"template":"","format":"standard","meta":{"_jetpack_memberships_contains_paid_content":false,"footnotes":""},"categories":[5,1],"tags":[],"class_list":["post-14735","post","type-post","status-publish","format-standard","has-post-thumbnail","hentry","category-informacion-general","category-portada"],"jetpack_featured_media_url":"https:\/\/i0.wp.com\/cdnoticias.com\/wp-content\/uploads\/2021\/02\/prueba-conducir.jpg?fit=640%2C360&ssl=1","jetpack_sharing_enabled":true,"_links":{"self":[{"href":"https:\/\/cdnoticias.com\/index.php\/wp-json\/wp\/v2\/posts\/14735","targetHints":{"allow":["GET"]}}],"collection":[{"href":"https:\/\/cdnoticias.com\/index.php\/wp-json\/wp\/v2\/posts"}],"about":[{"href":"https:\/\/cdnoticias.com\/index.php\/wp-json\/wp\/v2\/types\/post"}],"author":[{"embeddable":true,"href":"https:\/\/cdnoticias.com\/index.php\/wp-json\/wp\/v2\/users\/3"}],"replies":[{"embeddable":true,"href":"https:\/\/cdnoticias.com\/index.php\/wp-json\/wp\/v2\/comments?post=14735"}],"version-history":[{"count":0,"href":"https:\/\/cdnoticias.com\/index.php\/wp-json\/wp\/v2\/posts\/14735\/revisions"}],"wp:featuredmedia":[{"embeddable":true,"href":"https:\/\/cdnoticias.com\/index.php\/wp-json\/wp\/v2\/media\/14738"}],"wp:attachment":[{"href":"https:\/\/cdnoticias.com\/index.php\/wp-json\/wp\/v2\/media?parent=14735"}],"wp:term":[{"taxonomy":"category","embeddable":true,"href":"https:\/\/cdnoticias.com\/index.php\/wp-json\/wp\/v2\/categories?post=14735"},{"taxonomy":"post_tag","embeddable":true,"href":"https:\/\/cdnoticias.com\/index.php\/wp-json\/wp\/v2\/tags?post=14735"}],"curies":[{"name":"wp","href":"https:\/\/api.w.org\/{rel}","templated":true}]}}