{"id":147347,"date":"2022-03-06T13:53:42","date_gmt":"2022-03-06T16:53:42","guid":{"rendered":"http:\/\/centraldeportes.com.ar\/?p=12452"},"modified":"2022-03-06T13:53:42","modified_gmt":"2022-03-06T16:53:42","slug":"demostracion-de-tambucci-complicaciones-para-melian-y-valisi-ni-largo","status":"publish","type":"post","link":"https:\/\/cdnoticias.com\/index.php\/2022\/03\/06\/demostracion-de-tambucci-complicaciones-para-melian-y-valisi-ni-largo\/","title":{"rendered":"Demostraci\u00f3n de Tambucci, complicaciones para Melian y Valisi ni larg\u00f3"},"content":{"rendered":"<p>Este domingo se defini\u00f3 la segunda fecha del Campeonato para el Turismo Pista en el aut\u00f3dromo de Concepci\u00f3n del Uruguay y los olavarrienses corrieron distinta suerte. Santiago Tambucci se impuso, Melian no pudo mantenerse y Valisi no larg\u00f3 la Final.<!--more--><\/p>\n<hr \/>\n<p>El piloto de Sierras Bayas se qued\u00f3 con el triunfo en esta segunda fecha de la Clase 2 en una carrera con muchas interrupciones, pero que cont\u00f3 con grandes maniobras del piloto local para quedarse con la primera colocaci\u00f3n y seguir defendiendo el campeonato.<\/p>\n<p>&nbsp;<\/p>\n<p>La lluvia del s\u00e1bado dej\u00f3 muy complicadas las zonas externas a la pista por lo que cada despiste obligaba a la salida del coche gu\u00eda y Tambucci lo supo aprovechar para quedarse con la victoria en una carrera que termin\u00f3 por tiempo. Luciano Gonz\u00e1lez fue segundo y Alejo Cravero tercero.<\/p>\n<p>&nbsp;<\/p>\n<p>En la Clase 3, Gabriel Melian part\u00eda desde la primera fila, sin embargo no tuvo un buen domingo y desde el inicio mismo de la carrera perdi\u00f3 colocaciones que le fueron imposibles de remontar por las varias apariciones del AS.<\/p>\n<p>&nbsp;<\/p>\n<p>Finalmente, Melian vio la bandera a cuadros en el 8\u00b0 puesto, mientras que el triunfo correspondi\u00f3 a Luigi Melli, que hab\u00eda sido el mejor de la clasificaci\u00f3n.<\/p>\n<p>&nbsp;<\/p>\n<p>Diego Valisi, en la clase menor, no larg\u00f3 en la definici\u00f3n del domingo tras el despiste que sufri\u00f3 en las rondas de \u201cclasifica\u201d.<\/p>\n<p>&nbsp;<\/p>\n<p>La pr\u00f3xima fecha del Turismo Pista se disputar\u00e1 el domingo 3 de abril en el Aut\u00f3dromo \u201cCiudad de Concordia\u201d, Entre R\u00edos.<\/p>\n","protected":false},"excerpt":{"rendered":"<p>Este domingo se defini\u00f3 la segunda fecha del Campeonato para el Turismo Pista en el aut\u00f3dromo de Concepci\u00f3n del Uruguay<\/p>\n","protected":false},"author":96739694,"featured_media":147283,"comment_status":"closed","ping_status":"closed","sticky":false,"template":"","format":"standard","meta":{"_jetpack_memberships_contains_paid_content":false,"footnotes":""},"categories":[34,1,49],"tags":[],"class_list":["post-147347","post","type-post","status-publish","format-standard","has-post-thumbnail","hentry","category-automovilismo","category-portada","category-turismo-pista"],"jetpack_featured_media_url":"https:\/\/i0.wp.com\/cdnoticias.com\/wp-content\/uploads\/2022\/03\/1679.jpg?fit=1250%2C830&ssl=1","jetpack_sharing_enabled":true,"_links":{"self":[{"href":"https:\/\/cdnoticias.com\/index.php\/wp-json\/wp\/v2\/posts\/147347","targetHints":{"allow":["GET"]}}],"collection":[{"href":"https:\/\/cdnoticias.com\/index.php\/wp-json\/wp\/v2\/posts"}],"about":[{"href":"https:\/\/cdnoticias.com\/index.php\/wp-json\/wp\/v2\/types\/post"}],"author":[{"embeddable":true,"href":"https:\/\/cdnoticias.com\/index.php\/wp-json\/wp\/v2\/users\/96739694"}],"replies":[{"embeddable":true,"href":"https:\/\/cdnoticias.com\/index.php\/wp-json\/wp\/v2\/comments?post=147347"}],"version-history":[{"count":0,"href":"https:\/\/cdnoticias.com\/index.php\/wp-json\/wp\/v2\/posts\/147347\/revisions"}],"wp:featuredmedia":[{"embeddable":true,"href":"https:\/\/cdnoticias.com\/index.php\/wp-json\/wp\/v2\/media\/147283"}],"wp:attachment":[{"href":"https:\/\/cdnoticias.com\/index.php\/wp-json\/wp\/v2\/media?parent=147347"}],"wp:term":[{"taxonomy":"category","embeddable":true,"href":"https:\/\/cdnoticias.com\/index.php\/wp-json\/wp\/v2\/categories?post=147347"},{"taxonomy":"post_tag","embeddable":true,"href":"https:\/\/cdnoticias.com\/index.php\/wp-json\/wp\/v2\/tags?post=147347"}],"curies":[{"name":"wp","href":"https:\/\/api.w.org\/{rel}","templated":true}]}}