{"id":147308,"date":"2022-03-01T20:06:53","date_gmt":"2022-03-01T23:06:53","guid":{"rendered":"http:\/\/centraldeportes.com.ar\/?p=12274"},"modified":"2022-03-01T20:06:53","modified_gmt":"2022-03-01T23:06:53","slug":"loma-negra-presento-su-indumentaria","status":"publish","type":"post","link":"https:\/\/cdnoticias.com\/index.php\/2022\/03\/01\/loma-negra-presento-su-indumentaria\/","title":{"rendered":"Loma Negra present\u00f3 su indumentaria"},"content":{"rendered":"<p>En el d\u00eda previo al debut en el Torneo Clausura organizado por la Liga de F\u00fatbol de Olavarr\u00eda, Loma Negra present\u00f3 su camiseta.<!--more--><\/p>\n<hr \/>\n<p>La Subcomisi\u00f3n de F\u00fatbol del \u201cCeleste\u201d present\u00f3 en el campo de deportes su indumentaria en la previa de recibir a Ferro por la segunda fecha del Torneo Clausura.<\/p>\n<p>&nbsp;<\/p>\n<p>El f\u00fatbol del Club Loma Negra present\u00f3 su indumentaria previo al estreno en la competencia local y para el sencillo acto contaron con la presencia de N\u00e9stor Alfredo &#8220;El Negro de Oro&#8221; Rivera.<\/p>\n<p>&nbsp;<\/p>\n<p>El acto de presentaci\u00f3n de la nueva ropa sirvi\u00f3 tambi\u00e9n para realizar\u00a0el evento solidario &#8220;Todos por Corrientes&#8221;.<\/p>\n","protected":false},"excerpt":{"rendered":"<p>En el d\u00eda previo al debut en el Torneo Clausura organizado por la Liga de F\u00fatbol de Olavarr\u00eda, Loma Negra<\/p>\n","protected":false},"author":96739694,"featured_media":147309,"comment_status":"closed","ping_status":"closed","sticky":false,"template":"","format":"standard","meta":{"_jetpack_memberships_contains_paid_content":false,"footnotes":""},"categories":[35,1,41],"tags":[],"class_list":["post-147308","post","type-post","status-publish","format-standard","has-post-thumbnail","hentry","category-futbol","category-portada","category-primera-y-reserva"],"jetpack_featured_media_url":"https:\/\/i0.wp.com\/cdnoticias.com\/wp-content\/uploads\/2022\/03\/274946079_10229095889128504_7915103822710617107_n-e1646176307871.jpg?fit=1065%2C628&ssl=1","jetpack_sharing_enabled":true,"_links":{"self":[{"href":"https:\/\/cdnoticias.com\/index.php\/wp-json\/wp\/v2\/posts\/147308","targetHints":{"allow":["GET"]}}],"collection":[{"href":"https:\/\/cdnoticias.com\/index.php\/wp-json\/wp\/v2\/posts"}],"about":[{"href":"https:\/\/cdnoticias.com\/index.php\/wp-json\/wp\/v2\/types\/post"}],"author":[{"embeddable":true,"href":"https:\/\/cdnoticias.com\/index.php\/wp-json\/wp\/v2\/users\/96739694"}],"replies":[{"embeddable":true,"href":"https:\/\/cdnoticias.com\/index.php\/wp-json\/wp\/v2\/comments?post=147308"}],"version-history":[{"count":0,"href":"https:\/\/cdnoticias.com\/index.php\/wp-json\/wp\/v2\/posts\/147308\/revisions"}],"wp:featuredmedia":[{"embeddable":true,"href":"https:\/\/cdnoticias.com\/index.php\/wp-json\/wp\/v2\/media\/147309"}],"wp:attachment":[{"href":"https:\/\/cdnoticias.com\/index.php\/wp-json\/wp\/v2\/media?parent=147308"}],"wp:term":[{"taxonomy":"category","embeddable":true,"href":"https:\/\/cdnoticias.com\/index.php\/wp-json\/wp\/v2\/categories?post=147308"},{"taxonomy":"post_tag","embeddable":true,"href":"https:\/\/cdnoticias.com\/index.php\/wp-json\/wp\/v2\/tags?post=147308"}],"curies":[{"name":"wp","href":"https:\/\/api.w.org\/{rel}","templated":true}]}}