{"id":147302,"date":"2022-03-04T17:38:20","date_gmt":"2022-03-04T20:38:20","guid":{"rendered":"http:\/\/centraldeportes.com.ar\/?p=12377"},"modified":"2022-03-04T17:38:20","modified_gmt":"2022-03-04T20:38:20","slug":"comunicaciones-tampoco-pudo-en-comodoro-rivadavia","status":"publish","type":"post","link":"https:\/\/cdnoticias.com\/index.php\/2022\/03\/04\/comunicaciones-tampoco-pudo-en-comodoro-rivadavia\/","title":{"rendered":"Comunicaciones tampoco pudo en Comodoro Rivadavia"},"content":{"rendered":"<p>Comunicaciones volvi\u00f3 a presentarse en la gira del sur del pa\u00eds y fue nuevamente derrota en La Liga Nacional, en la noche del jueves ante Gimnasia por 88 a 83.<!--more--><\/p>\n<hr \/>\n<p>En la noche del jueves, Comunicaciones fue derrotado ante Gimnasia en Comodoro Rivadavia.<\/p>\n<p>&nbsp;<\/p>\n<p>\u201cComu\u201d que hizo un notable esfuerzo con una remontada de 15 puntos para ponerle suspenso a la definici\u00f3n, no pudo regresar a Corrientes con una victoria de la Patagonia a pesar de los 7 puntos y dos rebotes en 33:47 minutos en cancha para Alejandro Diez.<\/p>\n<p>&nbsp;<\/p>\n<p><img data-recalc-dims=\"1\" loading=\"lazy\" decoding=\"async\" class=\"alignnone size-medium wp-image-12378\" src=\"https:\/\/i0.wp.com\/centraldeportes.com.ar\/wp-content\/uploads\/2022\/03\/dsc_3588-2046-228x300.jpg?resize=228%2C300\" alt=\"\" width=\"228\" height=\"300\" \/><\/p>\n<p>&nbsp;<\/p>\n<p>La actividad continuar\u00e1 este viernes cuando se presente Pe\u00f1arol, con Sansimoni y Mar\u00edn, ante Argentino.<\/p>\n","protected":false},"excerpt":{"rendered":"<p>Comunicaciones volvi\u00f3 a presentarse en la gira del sur del pa\u00eds y fue nuevamente derrota en La Liga Nacional, en<\/p>\n","protected":false},"author":96739694,"featured_media":0,"comment_status":"closed","ping_status":"closed","sticky":false,"template":"","format":"standard","meta":{"_jetpack_memberships_contains_paid_content":false,"footnotes":""},"categories":[31,36,1],"tags":[],"class_list":["post-147302","post","type-post","status-publish","format-standard","hentry","category-basquet","category-liga-nacional","category-portada"],"jetpack_featured_media_url":"","jetpack_sharing_enabled":true,"_links":{"self":[{"href":"https:\/\/cdnoticias.com\/index.php\/wp-json\/wp\/v2\/posts\/147302","targetHints":{"allow":["GET"]}}],"collection":[{"href":"https:\/\/cdnoticias.com\/index.php\/wp-json\/wp\/v2\/posts"}],"about":[{"href":"https:\/\/cdnoticias.com\/index.php\/wp-json\/wp\/v2\/types\/post"}],"author":[{"embeddable":true,"href":"https:\/\/cdnoticias.com\/index.php\/wp-json\/wp\/v2\/users\/96739694"}],"replies":[{"embeddable":true,"href":"https:\/\/cdnoticias.com\/index.php\/wp-json\/wp\/v2\/comments?post=147302"}],"version-history":[{"count":0,"href":"https:\/\/cdnoticias.com\/index.php\/wp-json\/wp\/v2\/posts\/147302\/revisions"}],"wp:attachment":[{"href":"https:\/\/cdnoticias.com\/index.php\/wp-json\/wp\/v2\/media?parent=147302"}],"wp:term":[{"taxonomy":"category","embeddable":true,"href":"https:\/\/cdnoticias.com\/index.php\/wp-json\/wp\/v2\/categories?post=147302"},{"taxonomy":"post_tag","embeddable":true,"href":"https:\/\/cdnoticias.com\/index.php\/wp-json\/wp\/v2\/tags?post=147302"}],"curies":[{"name":"wp","href":"https:\/\/api.w.org\/{rel}","templated":true}]}}