{"id":1473,"date":"2020-09-13T17:20:12","date_gmt":"2020-09-13T20:20:12","guid":{"rendered":"http:\/\/www.centraldenoticias.com.ar\/?p=1473"},"modified":"2020-09-13T19:54:18","modified_gmt":"2020-09-13T22:54:18","slug":"no-es-la-forma-la-que-han-hecho-para-protestar-y-reclamar","status":"publish","type":"post","link":"https:\/\/cdnoticias.com\/index.php\/2020\/09\/13\/no-es-la-forma-la-que-han-hecho-para-protestar-y-reclamar\/","title":{"rendered":"\u201cNo es la forma la que han hecho para protestar y reclamar\u201d"},"content":{"rendered":"<p>Carmelo Vinci, detenido desaparecido durante la \u00faltima dictadura c\u00edvico-militar y referente local en Derechos Humanos, dialog\u00f3 con Central de Noticias tras haber formalizado una denuncia penal contra el personal policial que se manifest\u00f3 durante la semana pasada. <strong>Qu\u00e9 dice la denuncia.<\/strong><\/p>\n<hr \/>\n<p>&nbsp;<\/p>\n<p><strong>\u201cNosotros por supuesto consideramos que las fuerzas de seguridad deben tener un sueldo digno, tienen derecho a solicitar aumento, pero me parece que rodear la quinta de Olivos e ir a prepotear a la casa del gobernador excede lo que deber\u00eda ser un reclamo por salarios\u201d<\/strong>. Quien lo dijo en di\u00e1logo con Central de Noticias es nada m\u00e1s y nada menos que Carmelo Vinci, detenido desaparecido durante la \u00faltima dictadura c\u00edvico-militar y referente local en Derechos Humanos, quien en la jornada del \u00faltimo jueves formaliz\u00f3 una denuncia contra el personal policial por las movilizaciones realizadas durante el inicio de la semana pasada.<\/p>\n<p>&nbsp;<\/p>\n<p>Vale recordar que durante tres d\u00edas p<a href=\"https:\/\/cdnoticias.com\/index.php\/2020\/09\/09\/tercer-dia-de-marchas-en-la-ciudad-en-apoyo-al-reclamo-de-la-policia-bonaerense\/\">ersonal policial de toda la provincia de Buenos Aires realiz\u00f3 sucesivas manifestaciones<\/a> <strong>en reclamo, en principio, de un aumento salarial pero luego se a\u00f1adieron tambi\u00e9n otra serie de peticiones que se formalizaron en un petitorio de 14 puntos<\/strong>, que fue presentado ante el gobierno bonaerense. La respuesta se dio a partir del <a href=\"https:\/\/cdnoticias.com\/index.php\/2020\/09\/10\/kicillof-anuncio-aumento-salarial-para-la-policia\/\">anuncio realizado por el propio Axel Kicillof<\/a>, lo que hizo que autom\u00e1ticamente se levanten todas las protestas en la provincial.<\/p>\n<p>&nbsp;<\/p>\n<p><img data-recalc-dims=\"1\" loading=\"lazy\" decoding=\"async\" class=\"alignnone size-large wp-image-1208\" src=\"https:\/\/i0.wp.com\/cdnoticias.com\/wp-content\/uploads\/2020\/09\/DSC_8795.jpg?resize=800%2C534&#038;ssl=1\" alt=\"\" width=\"800\" height=\"534\" srcset=\"https:\/\/i0.wp.com\/cdnoticias.com\/wp-content\/uploads\/2020\/09\/DSC_8795.jpg?resize=1024%2C683&amp;ssl=1 1024w, https:\/\/i0.wp.com\/cdnoticias.com\/wp-content\/uploads\/2020\/09\/DSC_8795.jpg?resize=300%2C200&amp;ssl=1 300w, https:\/\/i0.wp.com\/cdnoticias.com\/wp-content\/uploads\/2020\/09\/DSC_8795.jpg?resize=768%2C512&amp;ssl=1 768w, https:\/\/i0.wp.com\/cdnoticias.com\/wp-content\/uploads\/2020\/09\/DSC_8795.jpg?resize=272%2C182&amp;ssl=1 272w, https:\/\/i0.wp.com\/cdnoticias.com\/wp-content\/uploads\/2020\/09\/DSC_8795.jpg?w=1600&amp;ssl=1 1600w, https:\/\/i0.wp.com\/cdnoticias.com\/wp-content\/uploads\/2020\/09\/DSC_8795.jpg?w=2400&amp;ssl=1 2400w\" sizes=\"auto, (max-width: 800px) 100vw, 800px\" \/><\/p>\n<p>&nbsp;<\/p>\n<p>La acci\u00f3n penal fue realizada junto a Carlos Genson, tambi\u00e9n v\u00edctima del terrorismo de Estado y referente en materia de Derechos Humanos. Vinci subray\u00f3 que \u201clleg\u00f3 la hora de discutir, si se quiere, la sindicalizaci\u00f3n, de volver a insistir a pesar que la Corte se los\u00a0 ha denegado, pero <strong>es cierto que tienen que tener un representante a la hora de negociar, pero no es la forma la que han hecho para protestar y reclamar<\/strong>\u201d, insisti\u00f3.<\/p>\n<p>&nbsp;<\/p>\n<p><em><strong>Qu\u00e9 dice la denuncia<\/strong><\/em><\/p>\n<p>&nbsp;<\/p>\n<p><strong>Central de Noticias<\/strong> tuvo acceso a una copia del escrito que el \u00faltimo jueves fue presentado ante la justicia. La denuncia est\u00e1 enmarcada en una <strong>\u201cposible comisi\u00f3n de delitos de acci\u00f3n p\u00fablica\u201d enmarcados en los art\u00edculos 226 y 226 bis del C\u00f3digo Penal.<\/strong><\/p>\n<p>&nbsp;<\/p>\n<p>Se trata del apartado sobre <strong>\u201cdelitos contra los poderes p\u00fablicos y el orden constitucional\u201d, m\u00e1s precisamente a los \u201catentados al orden constitucional y la vida democr\u00e1tica\u201d<\/strong>. En el escrito, en similares t\u00e9rminos a lo narrado por Carmelo Vinci en di\u00e1logo con este portal, se pone el acento en el hecho de que \u201cefectivos en los m\u00f3viles policiales y otros caminando, uniformados y con las armas en la cintura,<strong> circulaban en la ciudad de Olavarr\u00eda, no con el \u00e1nimo de custodiar las calles y garantizar la seguridad de la comunidad, sino manifestarse por un reclamo salarial\u201d.<\/strong><\/p>\n<p>&nbsp;<\/p>\n<p><img data-recalc-dims=\"1\" loading=\"lazy\" decoding=\"async\" class=\"alignnone size-full wp-image-1477\" src=\"https:\/\/i0.wp.com\/cdnoticias.com\/wp-content\/uploads\/2020\/09\/20200912173421_policias_reclamo.jpg?resize=800%2C533&#038;ssl=1\" alt=\"\" width=\"800\" height=\"533\" srcset=\"https:\/\/i0.wp.com\/cdnoticias.com\/wp-content\/uploads\/2020\/09\/20200912173421_policias_reclamo.jpg?w=880&amp;ssl=1 880w, https:\/\/i0.wp.com\/cdnoticias.com\/wp-content\/uploads\/2020\/09\/20200912173421_policias_reclamo.jpg?resize=300%2C200&amp;ssl=1 300w, https:\/\/i0.wp.com\/cdnoticias.com\/wp-content\/uploads\/2020\/09\/20200912173421_policias_reclamo.jpg?resize=768%2C511&amp;ssl=1 768w, https:\/\/i0.wp.com\/cdnoticias.com\/wp-content\/uploads\/2020\/09\/20200912173421_policias_reclamo.jpg?resize=272%2C182&amp;ssl=1 272w\" sizes=\"auto, (max-width: 800px) 100vw, 800px\" \/><\/p>\n<p>&nbsp;<\/p>\n<p>Inclusive no s\u00f3lo se da cuenta de lo ocurrido en nuestra ciudad, sino tambi\u00e9n se menciona lo sucedido tanto en la capital provincial como <a href=\"https:\/\/cdnoticias.com\/index.php\/2020\/09\/09\/los-reclamos-se-resuelven-frontalmente-y-no-tocando-sirenas\/\">en torno a la residencia presidencial<\/a>, sucesos a los que inclusive se alude a partir de distintos <strong>links a portales tanto locales como nacionales, que son ofrecidos adem\u00e1s como prueba para sustentar cada una de sus afirmaciones.<\/strong><\/p>\n<p>&nbsp;<\/p>\n<p>Con ello se argumenta el <strong>\u201cinnegable y grav\u00edsimo alcance institucional\u201d<\/strong>, adem\u00e1s de reiterarse y enfatizarse, al punto de ser referido en letra may\u00fascula, que los \u201cuniformados, armados, en m\u00f3viles policiales, recorriendo las calles de las ciudades, en la puerta del gobernador Axel Kicillof y en la mism\u00edsima puerta de la quinta presidencial, con sirenas policiales encendidas generando un temor generalizado en tanto la perpetraci\u00f3n de los delitos tipificados en el art\u00edculo 226 del C\u00f3digo Penal\u201d. <strong>\u201cComprendemos que no deben encontrar cobijo tales actos en un estado que se precie de constitucional y legal\u201d, se a\u00f1adi\u00f3.<\/strong><\/p>\n<p>&nbsp;<\/p>\n<p>Por \u00faltimo, se clam\u00f3 que <strong>\u201cresulta a nuestro entender esencial poder descansar en que la polic\u00eda garantizar\u00e1 el sistema democr\u00e1tico y cuidar\u00e1 de su poblaci\u00f3n toda, cosa que est\u00e1 a las claras no sucedi\u00f3\u201d.<\/strong><\/p>\n<p>&nbsp;<\/p>\n<p><em><strong>Qu\u00e9 dicen esos art\u00edculos<\/strong><\/em><\/p>\n<p>&nbsp;<\/p>\n<p>El art\u00edculo 226 del C\u00f3digo Penal expresa que <strong>\u201cser\u00e1n reprimidos con prisi\u00f3n de cinco a quince a\u00f1os los que se alzaren en armas para cambiar la Constituci\u00f3n, deponer alguno de los poderes p\u00fablicos del gobierno nacional, arrancarle alguna medida o concesi\u00f3n o impedir, aunque sea temporariamente, el libre ejercicio de sus facultades constitucionales o su formaci\u00f3n o renovaci\u00f3n en los t\u00e9rminos y formas legales\u201d<\/strong>.<\/p>\n<p>&nbsp;<\/p>\n<p>El 226 bis, por su parte, detalla que <strong>\u201cel que amenazare p\u00fablica e id\u00f3neamente con la comisi\u00f3n de alguna de las conductas previstas en el art\u00edculo 226, ser\u00e1 reprimido con prisi\u00f3n de uno a cuatro a\u00f1os\u201d.<\/strong><\/p>\n<p>&nbsp;<\/p>\n<p>Por \u00faltimo, en la denuncia tambi\u00e9n se expres\u00f3 <strong>una posible violaci\u00f3n de la ley 13.982, que es la que rige el accionar de los integrantes de la polic\u00eda Bonaerense<\/strong>. En el escrito se enumeraron los art\u00edculos 10 y 11, donde se refieren los derechos, deberes y, m\u00e1s a\u00fan, las prohibiciones. Ahora resta conocer qu\u00e9 curso se le dar\u00e1 desde la justicia a la denuncia.<\/p>\n","protected":false},"excerpt":{"rendered":"<p>Carmelo Vinci, detenido desaparecido durante la \u00faltima dictadura c\u00edvico-militar y referente local en Derechos Humanos, dialog\u00f3 con Central de Noticias<\/p>\n","protected":false},"author":3,"featured_media":1476,"comment_status":"closed","ping_status":"closed","sticky":false,"template":"","format":"standard","meta":{"_jetpack_memberships_contains_paid_content":false,"footnotes":""},"categories":[5],"tags":[],"class_list":["post-1473","post","type-post","status-publish","format-standard","has-post-thumbnail","hentry","category-informacion-general"],"jetpack_featured_media_url":"https:\/\/i0.wp.com\/cdnoticias.com\/wp-content\/uploads\/2020\/09\/carme.jpg?fit=2500%2C1556&ssl=1","jetpack_sharing_enabled":true,"_links":{"self":[{"href":"https:\/\/cdnoticias.com\/index.php\/wp-json\/wp\/v2\/posts\/1473","targetHints":{"allow":["GET"]}}],"collection":[{"href":"https:\/\/cdnoticias.com\/index.php\/wp-json\/wp\/v2\/posts"}],"about":[{"href":"https:\/\/cdnoticias.com\/index.php\/wp-json\/wp\/v2\/types\/post"}],"author":[{"embeddable":true,"href":"https:\/\/cdnoticias.com\/index.php\/wp-json\/wp\/v2\/users\/3"}],"replies":[{"embeddable":true,"href":"https:\/\/cdnoticias.com\/index.php\/wp-json\/wp\/v2\/comments?post=1473"}],"version-history":[{"count":0,"href":"https:\/\/cdnoticias.com\/index.php\/wp-json\/wp\/v2\/posts\/1473\/revisions"}],"wp:featuredmedia":[{"embeddable":true,"href":"https:\/\/cdnoticias.com\/index.php\/wp-json\/wp\/v2\/media\/1476"}],"wp:attachment":[{"href":"https:\/\/cdnoticias.com\/index.php\/wp-json\/wp\/v2\/media?parent=1473"}],"wp:term":[{"taxonomy":"category","embeddable":true,"href":"https:\/\/cdnoticias.com\/index.php\/wp-json\/wp\/v2\/categories?post=1473"},{"taxonomy":"post_tag","embeddable":true,"href":"https:\/\/cdnoticias.com\/index.php\/wp-json\/wp\/v2\/tags?post=1473"}],"curies":[{"name":"wp","href":"https:\/\/api.w.org\/{rel}","templated":true}]}}