{"id":147292,"date":"2022-03-02T15:10:03","date_gmt":"2022-03-02T18:10:03","guid":{"rendered":"http:\/\/centraldeportes.com.ar\/?p=12295"},"modified":"2022-03-02T15:10:03","modified_gmt":"2022-03-02T18:10:03","slug":"la-cancha-central-del-parque-guerrero-tiene-riego-artificial","status":"publish","type":"post","link":"https:\/\/cdnoticias.com\/index.php\/2022\/03\/02\/la-cancha-central-del-parque-guerrero-tiene-riego-artificial\/","title":{"rendered":"La cancha central del Parque Guerrero tiene riego artificial"},"content":{"rendered":"<p>Durante varias semanas, se trabaj\u00f3 intensamente para lograr la colocaci\u00f3n del riego artificial en la cancha central del Parque Guerrero.<!--more--><\/p>\n<hr \/>\n<p>\u201c<em>Un sue\u00f1o que se pudo concretar y ahora se va a poder disfrutar. Es una obra que va a quedar para la instituci\u00f3n y para la disciplina tanto para el masculino, femenino y veteranos. Fue un anhelo de a\u00f1os que durante mucho tiempo hacer el trabajo manualmente era muy duro<\/em>\u201d, analiz\u00f3 Miguel C\u00f3rdoba, uno de los referentes del f\u00fatbol \u201cBataraz\u201d.<\/p>\n<p>&nbsp;<\/p>\n<p>Adem\u00e1s, el directivo asegur\u00f3 sobre la obra: \u201c<em>Cuando lo vemos concretado no lo podemos creer<\/em>\u201d.<\/p>\n<p>&nbsp;<\/p>\n","protected":false},"excerpt":{"rendered":"<p>Durante varias semanas, se trabaj\u00f3 intensamente para lograr la colocaci\u00f3n del riego artificial en la cancha central del Parque Guerrero.<\/p>\n","protected":false},"author":96739694,"featured_media":147293,"comment_status":"closed","ping_status":"closed","sticky":false,"template":"","format":"standard","meta":{"_jetpack_memberships_contains_paid_content":false,"footnotes":""},"categories":[35,1],"tags":[],"class_list":["post-147292","post","type-post","status-publish","format-standard","has-post-thumbnail","hentry","category-futbol","category-portada"],"jetpack_featured_media_url":"https:\/\/i0.wp.com\/cdnoticias.com\/wp-content\/uploads\/2022\/03\/WhatsApp-Image-2022-03-02-at-12.36.56-e1646244565592.jpeg?fit=899%2C639&ssl=1","jetpack_sharing_enabled":true,"_links":{"self":[{"href":"https:\/\/cdnoticias.com\/index.php\/wp-json\/wp\/v2\/posts\/147292","targetHints":{"allow":["GET"]}}],"collection":[{"href":"https:\/\/cdnoticias.com\/index.php\/wp-json\/wp\/v2\/posts"}],"about":[{"href":"https:\/\/cdnoticias.com\/index.php\/wp-json\/wp\/v2\/types\/post"}],"author":[{"embeddable":true,"href":"https:\/\/cdnoticias.com\/index.php\/wp-json\/wp\/v2\/users\/96739694"}],"replies":[{"embeddable":true,"href":"https:\/\/cdnoticias.com\/index.php\/wp-json\/wp\/v2\/comments?post=147292"}],"version-history":[{"count":0,"href":"https:\/\/cdnoticias.com\/index.php\/wp-json\/wp\/v2\/posts\/147292\/revisions"}],"wp:featuredmedia":[{"embeddable":true,"href":"https:\/\/cdnoticias.com\/index.php\/wp-json\/wp\/v2\/media\/147293"}],"wp:attachment":[{"href":"https:\/\/cdnoticias.com\/index.php\/wp-json\/wp\/v2\/media?parent=147292"}],"wp:term":[{"taxonomy":"category","embeddable":true,"href":"https:\/\/cdnoticias.com\/index.php\/wp-json\/wp\/v2\/categories?post=147292"},{"taxonomy":"post_tag","embeddable":true,"href":"https:\/\/cdnoticias.com\/index.php\/wp-json\/wp\/v2\/tags?post=147292"}],"curies":[{"name":"wp","href":"https:\/\/api.w.org\/{rel}","templated":true}]}}