{"id":147278,"date":"2022-03-04T21:28:10","date_gmt":"2022-03-05T00:28:10","guid":{"rendered":"http:\/\/centraldeportes.com.ar\/?p=12387"},"modified":"2022-03-04T21:28:10","modified_gmt":"2022-03-05T00:28:10","slug":"juan-traversa-es-el-nuevo-vicepresidente-de-federacion","status":"publish","type":"post","link":"https:\/\/cdnoticias.com\/index.php\/2022\/03\/04\/juan-traversa-es-el-nuevo-vicepresidente-de-federacion\/","title":{"rendered":"Juan Traversa es el nuevo vicepresidente de Federaci\u00f3n"},"content":{"rendered":"<p>La Federaci\u00f3n Regional de Automovilismo Deportivo N\u00ba 3 del Sudeste tiene nueva comisi\u00f3n directiva, y el Ingeniero Juan Traversa, m\u00e1ximo responsable del Amco, ocupa el cargo de vicepresidente. Roberto Coppola del Club Jorge Newbery de Lober\u00eda es el nuevo presidente.<!--more--><\/p>\n<hr \/>\n<p>El \u00faltimo mi\u00e9rcoles en la sede de la FRADA N\u00ba3, en Tres Arroyos, se vot\u00f3 la nueva lista que estar\u00e1 a cargo de dirigir el automovilismo regional en la zona Sudeste, que integra Olavarr\u00eda con el Amco y el \u201cDante y Torcuato Emiliozzi\u201d del Club Estudiantes.<\/p>\n<p>&nbsp;<\/p>\n<p>Roberto Coppola es el flamante presidente y Juan Traversa es su vice. Julio Cariac, del Club Independiente de San Cayetano, el nuevo secretario, mientras que Juan Sebasti\u00e1n Usandizaga del Tandil Auto Club es el Tesorero.<\/p>\n<p>&nbsp;<\/p>\n<p>Guillermo Perco del Club Alumni de Benito Ju\u00e1rez, Luis Conde del Club Barracas de Juan N. Fern\u00e1ndez, \u00c1ngel Pierri del Auto Moto Club de Tres Arroyos y Mario Alberto Padin del Auto Moto N\u00e1utico de Laprida son los nuevos vocales mientras que Jos\u00e9 Mucci, por el Club Estudiantes de Olavarr\u00eda, Oscar Villar del Tandil Auto Club, Jorge Falcon del Club Independiente de San Cayetano y Miguel Wagner son los vocales suplentes.<\/p>\n<p>&nbsp;<\/p>\n<p>Gustavo Tolosa, tambi\u00e9n representante del Amco, ser\u00e1 titular del Tribunal de Cuentas.<\/p>\n<p>&nbsp;<\/p>\n<p>La nueva gesti\u00f3n ya determin\u00f3 los nuevos valores para los ingresos del p\u00fablico, que se pondr\u00e1n en pr\u00e1cticas a partir de este fin de semana en \u201cLa Bota\u201d, donde las categor\u00edas de APPS inaugurar\u00e1n la temporada 2022. El ingreso tendr\u00e1 un costo de $1000 y el estacionamiento $500, aunque el Club organizador no cobrar\u00e1 estacionamiento en esta oportunidad.<\/p>\n","protected":false},"excerpt":{"rendered":"<p>La Federaci\u00f3n Regional de Automovilismo Deportivo N\u00ba 3 del Sudeste tiene nueva comisi\u00f3n directiva, y el Ingeniero Juan Traversa, m\u00e1ximo<\/p>\n","protected":false},"author":96739694,"featured_media":147279,"comment_status":"closed","ping_status":"closed","sticky":false,"template":"","format":"standard","meta":{"_jetpack_memberships_contains_paid_content":false,"footnotes":""},"categories":[51,34,1],"tags":[],"class_list":["post-147278","post","type-post","status-publish","format-standard","has-post-thumbnail","hentry","category-apps","category-automovilismo","category-portada"],"jetpack_featured_media_url":"https:\/\/i0.wp.com\/cdnoticias.com\/wp-content\/uploads\/2022\/03\/WhatsApp-Image-2022-03-04-at-19.47.28.jpeg?fit=1600%2C1109&ssl=1","jetpack_sharing_enabled":true,"_links":{"self":[{"href":"https:\/\/cdnoticias.com\/index.php\/wp-json\/wp\/v2\/posts\/147278","targetHints":{"allow":["GET"]}}],"collection":[{"href":"https:\/\/cdnoticias.com\/index.php\/wp-json\/wp\/v2\/posts"}],"about":[{"href":"https:\/\/cdnoticias.com\/index.php\/wp-json\/wp\/v2\/types\/post"}],"author":[{"embeddable":true,"href":"https:\/\/cdnoticias.com\/index.php\/wp-json\/wp\/v2\/users\/96739694"}],"replies":[{"embeddable":true,"href":"https:\/\/cdnoticias.com\/index.php\/wp-json\/wp\/v2\/comments?post=147278"}],"version-history":[{"count":0,"href":"https:\/\/cdnoticias.com\/index.php\/wp-json\/wp\/v2\/posts\/147278\/revisions"}],"wp:featuredmedia":[{"embeddable":true,"href":"https:\/\/cdnoticias.com\/index.php\/wp-json\/wp\/v2\/media\/147279"}],"wp:attachment":[{"href":"https:\/\/cdnoticias.com\/index.php\/wp-json\/wp\/v2\/media?parent=147278"}],"wp:term":[{"taxonomy":"category","embeddable":true,"href":"https:\/\/cdnoticias.com\/index.php\/wp-json\/wp\/v2\/categories?post=147278"},{"taxonomy":"post_tag","embeddable":true,"href":"https:\/\/cdnoticias.com\/index.php\/wp-json\/wp\/v2\/tags?post=147278"}],"curies":[{"name":"wp","href":"https:\/\/api.w.org\/{rel}","templated":true}]}}