{"id":147258,"date":"2022-03-05T20:48:42","date_gmt":"2022-03-05T23:48:42","guid":{"rendered":"http:\/\/centraldeportes.com.ar\/?p=12429"},"modified":"2022-03-05T20:48:42","modified_gmt":"2022-03-05T23:48:42","slug":"alejandro-weimann-quedo-27o-en-la-clasificacion-del-tc-pista","status":"publish","type":"post","link":"https:\/\/cdnoticias.com\/index.php\/2022\/03\/05\/alejandro-weimann-quedo-27o-en-la-clasificacion-del-tc-pista\/","title":{"rendered":"Alejandro Weimann qued\u00f3 27\u00ba en la clasificaci\u00f3n del TC Pista"},"content":{"rendered":"<p>El olavarriense no tuvo una buena producci\u00f3n y qued\u00f3 a un segundo y medio del poleman, Agust\u00edn Mart\u00ednez. Este domingo desde las 9.05 se corren las series en Neuqu\u00e9n.<\/p>\n<p><!--more--><\/p>\n<hr \/>\n<p>El segundo cap\u00edtulo del TC y TC Pista se disputa en el aut\u00f3dromo Centenario, en la provincia de Neuqu\u00e9n, y este s\u00e1bado Agust\u00edn Mart\u00ednez se llev\u00f3 la pole por segunda vez en su corta carrera.<\/p>\n<p>&nbsp;<\/p>\n<p>El del Mart\u00ednez Competici\u00f3n sali\u00f3 a pista en el \u00faltimo grupo y lo aprovech\u00f3, ya que consigui\u00f3 una condici\u00f3n de pista m\u00e1s \u00f3ptima y estableci\u00f3 un mejor tiempo de 1:28,961.<\/p>\n<p>&nbsp;<\/p>\n<p>Otto Fritzler qued\u00f3 como escolta por apenas 11 mil\u00e9simas y Santiago \u00c1lvarez tercero.<\/p>\n<p>&nbsp;<\/p>\n<p>No fue una buena clasifica para el olavarriense Alejandro Weimann que qued\u00f3 en la posici\u00f3n 27\u00ba. El olavarriense no logr\u00f3 cerrar una buena vuelta y consigui\u00f3 un mejor registro de 01:30.555 y qued\u00f3 a poco m\u00e1s de un segundo y medio de la punta. De este modo partir\u00e1 en la primera serie desde la s\u00e9ptima fila.<\/p>\n","protected":false},"excerpt":{"rendered":"<p>El olavarriense no tuvo una buena producci\u00f3n y qued\u00f3 a un segundo y medio del poleman, Agust\u00edn Mart\u00ednez. Este domingo<\/p>\n","protected":false},"author":96739694,"featured_media":147259,"comment_status":"closed","ping_status":"closed","sticky":false,"template":"","format":"standard","meta":{"_jetpack_memberships_contains_paid_content":false,"footnotes":""},"categories":[34,1,48],"tags":[],"class_list":["post-147258","post","type-post","status-publish","format-standard","has-post-thumbnail","hentry","category-automovilismo","category-portada","category-tc-pista"],"jetpack_featured_media_url":"https:\/\/i0.wp.com\/cdnoticias.com\/wp-content\/uploads\/2022\/03\/WhatsApp-Image-2022-03-05-at-20.46.33.jpeg?fit=1280%2C853&ssl=1","jetpack_sharing_enabled":true,"_links":{"self":[{"href":"https:\/\/cdnoticias.com\/index.php\/wp-json\/wp\/v2\/posts\/147258","targetHints":{"allow":["GET"]}}],"collection":[{"href":"https:\/\/cdnoticias.com\/index.php\/wp-json\/wp\/v2\/posts"}],"about":[{"href":"https:\/\/cdnoticias.com\/index.php\/wp-json\/wp\/v2\/types\/post"}],"author":[{"embeddable":true,"href":"https:\/\/cdnoticias.com\/index.php\/wp-json\/wp\/v2\/users\/96739694"}],"replies":[{"embeddable":true,"href":"https:\/\/cdnoticias.com\/index.php\/wp-json\/wp\/v2\/comments?post=147258"}],"version-history":[{"count":0,"href":"https:\/\/cdnoticias.com\/index.php\/wp-json\/wp\/v2\/posts\/147258\/revisions"}],"wp:featuredmedia":[{"embeddable":true,"href":"https:\/\/cdnoticias.com\/index.php\/wp-json\/wp\/v2\/media\/147259"}],"wp:attachment":[{"href":"https:\/\/cdnoticias.com\/index.php\/wp-json\/wp\/v2\/media?parent=147258"}],"wp:term":[{"taxonomy":"category","embeddable":true,"href":"https:\/\/cdnoticias.com\/index.php\/wp-json\/wp\/v2\/categories?post=147258"},{"taxonomy":"post_tag","embeddable":true,"href":"https:\/\/cdnoticias.com\/index.php\/wp-json\/wp\/v2\/tags?post=147258"}],"curies":[{"name":"wp","href":"https:\/\/api.w.org\/{rel}","templated":true}]}}