{"id":14725,"date":"2021-02-25T20:31:55","date_gmt":"2021-02-25T23:31:55","guid":{"rendered":"http:\/\/www.centraldenoticias.com.ar\/?p=14725"},"modified":"2021-02-26T08:25:22","modified_gmt":"2021-02-26T11:25:22","slug":"se-suspendio-el-juicio-por-extorsion-y-asociacion-ilicita-contra-tres-referentes-de-la-uocra-local","status":"publish","type":"post","link":"https:\/\/cdnoticias.com\/index.php\/2021\/02\/25\/se-suspendio-el-juicio-por-extorsion-y-asociacion-ilicita-contra-tres-referentes-de-la-uocra-local\/","title":{"rendered":"Se suspendi\u00f3 el juicio por \u201cextorsi\u00f3n\u201d y \u201casociaci\u00f3n Il\u00edcita\u201d contra tres referentes de la Uocra local"},"content":{"rendered":"<p>El debate, que se iba a iniciar en los primeros d\u00edas de marzo, fue postergado y no tiene a\u00fan fecha de realizaci\u00f3n. Conoc\u00e9 los detalles.<!--more--><\/p>\n<hr \/>\n<p>Para la jornada del pr\u00f3ximo 2 de martes estaba pautado el inicio de la instancia oral de la causa que se le sigue a tres referentes de la Uocra local, entre ellos el hist\u00f3rico secretario general Roberto D\u00b4Amico. Sin embargo, seg\u00fan lo pudo confirmar <em><strong>Central de Noticias<\/strong><\/em>, <strong>todo se encuentra suspendido y, por ahora, sin fecha de reinicio<\/strong>.<\/p>\n<p>&nbsp;<\/p>\n<p><img data-recalc-dims=\"1\" loading=\"lazy\" decoding=\"async\" class=\"alignnone size-full wp-image-12885\" src=\"https:\/\/i0.wp.com\/cdnoticias.com\/wp-content\/uploads\/2021\/02\/tribunales.jpg?resize=791%2C541&#038;ssl=1\" alt=\"\" width=\"791\" height=\"541\" \/><\/p>\n<p>&nbsp;<\/p>\n<p><strong>La causa actualmente se encuentra radicada en el Tribunal Oral en lo Criminal N\u00b0 1 del Departamento Judicial de Azul<\/strong>, y es precisamente el juez Joaqu\u00edn Duba quien de manera unipersonal hab\u00eda sido designado para encabezar las audiencias que, en principio, se iban a prolongar como m\u00ednimo hasta el viernes 5 de mes venidero,<a href=\"https:\/\/cdnoticias.com\/index.php\/2021\/02\/03\/en-pocas-semanas-inicia-el-juicio-por-extorsion-y-asociacion-ilicita-en-la-uocra\/\" target=\"_blank\" rel=\"noopener\"> tal cual hab\u00eda sido anticipado por este portal d\u00edas atr\u00e1s<\/a>.<\/p>\n<p>&nbsp;<\/p>\n<p>Sin embargo, ahora todo qued\u00f3 suspendido y a la espera de confirmaci\u00f3n de una nueva fecha. Todo se debe, seg\u00fan se confi\u00f3, al <strong>registro de casos de coronavirus entre funcionarios judiciales, lo que amerit\u00f3 la activaci\u00f3n del protocolo de rigor, por lo que se vio afectado el normal funcionamiento entre personal contagiado y aislado de manera preventiva<\/strong>.<\/p>\n<p>&nbsp;<\/p>\n<blockquote><p>La reprogramaci\u00f3n depender\u00e1 tanto de la recuperaci\u00f3n de las personas afectadas como la disponibilidad de agente del tribunal azule\u00f1o.<\/p><\/blockquote>\n<p>&nbsp;<\/p>\n<p>Las alternativas son seguidas de cerca de manera muy atenta desde nuestra ciudad. Vale recordar que <strong>D\u00b4amico es quien afronta la imputaci\u00f3n m\u00e1s gravosa, ya que desde la querella fue ubicado como \u201cjefe organizador\u201d de la \u201casociaci\u00f3n il\u00edcita\u201d<\/strong>, figura que incrementa las posibles penas por ese delito. A eso se le suman tres casos de extorsi\u00f3n \u2013dos consumados y uno en tentativa- que corresponden a <strong>empresarios y firmas locales que denunciaron la exigencia de entrega de coimas o d\u00e1divas para poder realizar obras u operaciones en la ciudad<\/strong>.<\/p>\n<p>&nbsp;<\/p>\n<p>Los otros dos acusados son, por un lado,<strong> Walter Brun, quien al momento de los hechos era Secretario de Organizaci\u00f3n del Gremio, quien tambi\u00e9n est\u00e1 imputado por los hechos de extorsi\u00f3n y por asociaci\u00f3n il\u00edcita, pero en calidad de miembro o participante<\/strong>; y por el otro <strong>Luis Conrado<\/strong>, el primero en ser detenido y cuya captura dio lugar a toda la investigaci\u00f3n.<\/p>\n<p>&nbsp;<\/p>\n<blockquote><p>Si bien la investigaci\u00f3n fue encabezada por la doctora Viviana Beyt\u00eda, la parte acusatoria durante el juicio ser\u00e1 llevada adelante por la fiscal azule\u00f1a Laura Margaretic<\/p><\/blockquote>\n<p>&nbsp;<\/p>\n<p>Fue en agosto del 2019 cuando personal policial que realizaba tareas preventivas <strong>lo habr\u00eda visto arrojando basura en un sector no permitido, eso dio lugar a una persecuci\u00f3n que se extendi\u00f3 por varias cuadras<\/strong>, en un incidente que continu\u00f3 a\u00fan tras su interceptaci\u00f3n, ya que se habr\u00eda trenzado a golpes con los efectivos de seguridad y hasta intentado coimear a uno de ellos tras la captura, seg\u00fan las versiones de aquel entonces.<\/p>\n<p>&nbsp;<\/p>\n<p>Lo concreto es que al indagar en sus pertenencias se dio hallazgo a un sobre con dinero en efectivo a nombre de la entidad gremial. En su mochila, la cual habr\u00eda intentado desprenderse en el escape, se hall\u00f3 una suma considerablemente mayor.<strong> La continuidad de las averiguaciones permiti\u00f3 conocer, tal como se narr\u00f3 previamente, que todo ser\u00eda parte de una pr\u00e1ctica extorsiva, que tendr\u00eda varios a\u00f1os de data.<\/strong><\/p>\n<p>&nbsp;<\/p>\n<p>Es por ello que, adem\u00e1s de los delitos de \u201cextorsi\u00f3n\u201d y \u201casociaci\u00f3n il\u00edcita\u201d, tambi\u00e9n afronta cargos por <strong>\u201cresistencia a la autoridad\u201d, \u201clesiones agravadas\u201d -por tratarse las v\u00edctimas miembros de la fuerza policial- y cohecho, esto \u00faltimo por intentar coimear al polic\u00eda que lo retuvo.<\/strong><\/p>\n","protected":false},"excerpt":{"rendered":"<p>El debate, que se iba a iniciar en los primeros d\u00edas de marzo, fue postergado y no tiene a\u00fan fecha<\/p>\n","protected":false},"author":3,"featured_media":12886,"comment_status":"closed","ping_status":"closed","sticky":false,"template":"","format":"standard","meta":{"_jetpack_memberships_contains_paid_content":false,"footnotes":""},"categories":[14,1],"tags":[],"class_list":["post-14725","post","type-post","status-publish","format-standard","has-post-thumbnail","hentry","category-policiales","category-portada"],"jetpack_featured_media_url":"https:\/\/i0.wp.com\/cdnoticias.com\/wp-content\/uploads\/2021\/02\/uocra02.jpg?fit=741%2C445&ssl=1","jetpack_sharing_enabled":true,"_links":{"self":[{"href":"https:\/\/cdnoticias.com\/index.php\/wp-json\/wp\/v2\/posts\/14725","targetHints":{"allow":["GET"]}}],"collection":[{"href":"https:\/\/cdnoticias.com\/index.php\/wp-json\/wp\/v2\/posts"}],"about":[{"href":"https:\/\/cdnoticias.com\/index.php\/wp-json\/wp\/v2\/types\/post"}],"author":[{"embeddable":true,"href":"https:\/\/cdnoticias.com\/index.php\/wp-json\/wp\/v2\/users\/3"}],"replies":[{"embeddable":true,"href":"https:\/\/cdnoticias.com\/index.php\/wp-json\/wp\/v2\/comments?post=14725"}],"version-history":[{"count":0,"href":"https:\/\/cdnoticias.com\/index.php\/wp-json\/wp\/v2\/posts\/14725\/revisions"}],"wp:featuredmedia":[{"embeddable":true,"href":"https:\/\/cdnoticias.com\/index.php\/wp-json\/wp\/v2\/media\/12886"}],"wp:attachment":[{"href":"https:\/\/cdnoticias.com\/index.php\/wp-json\/wp\/v2\/media?parent=14725"}],"wp:term":[{"taxonomy":"category","embeddable":true,"href":"https:\/\/cdnoticias.com\/index.php\/wp-json\/wp\/v2\/categories?post=14725"},{"taxonomy":"post_tag","embeddable":true,"href":"https:\/\/cdnoticias.com\/index.php\/wp-json\/wp\/v2\/tags?post=14725"}],"curies":[{"name":"wp","href":"https:\/\/api.w.org\/{rel}","templated":true}]}}