{"id":147209,"date":"2022-02-28T13:07:02","date_gmt":"2022-02-28T16:07:02","guid":{"rendered":"http:\/\/centraldeportes.com.ar\/?p=12218"},"modified":"2022-02-28T13:07:02","modified_gmt":"2022-02-28T16:07:02","slug":"jonathan-navarro-fue-campeon-en-puerto-madryn","status":"publish","type":"post","link":"https:\/\/cdnoticias.com\/index.php\/2022\/02\/28\/jonathan-navarro-fue-campeon-en-puerto-madryn\/","title":{"rendered":"Jonathan Navarro fue campe\u00f3n en Puerto Madryn"},"content":{"rendered":"<p>El ultramaratonista olavarriense dijo presente en la primera fecha del Circuito Nacional de Ultramarat\u00f3n y logr\u00f3 quedarse con el t\u00edtulo en las 6 horas de la \u201cultra\u201d solidaria \u201cCorre por los chicos\u201d.<!--more--><\/p>\n<hr \/>\n<p>Este domingo en Puerto Madryn Jonathan Navarro compiti\u00f3 en las 6 horas y logr\u00f3 completar 64.4 kil\u00f3metros haci\u00e9ndole frente al viento que se present\u00f3 con r\u00e1fagas de m\u00e1s de 80 kil\u00f3metros por hora.<\/p>\n<p>&nbsp;<\/p>\n<p>El olavarriense que gan\u00f3 la clasificaci\u00f3n general y tambi\u00e9n su franja etaria de 30 a 34 a\u00f1os, fue escoltado por Leonel Anriquez de San Nicol\u00e1s y Horacio Tellechea de Necochea. Hern\u00e1n Gonz\u00e1lez y Luis Dur\u00e1n tambi\u00e9n se ubicaron en los primeros lugares.<\/p>\n<p>&nbsp;<\/p>\n<p>Entre las Damas, la ganadora de las 6 horas de \u201cCorre por los chicos\u201d fue Silvia Mosqueira.<\/p>\n","protected":false},"excerpt":{"rendered":"<p>El ultramaratonista olavarriense dijo presente en la primera fecha del Circuito Nacional de Ultramarat\u00f3n y logr\u00f3 quedarse con el t\u00edtulo<\/p>\n","protected":false},"author":96739694,"featured_media":147210,"comment_status":"closed","ping_status":"closed","sticky":false,"template":"","format":"standard","meta":{"_jetpack_memberships_contains_paid_content":false,"footnotes":""},"categories":[38,1],"tags":[],"class_list":["post-147209","post","type-post","status-publish","format-standard","has-post-thumbnail","hentry","category-pedestrismo","category-portada"],"jetpack_featured_media_url":"https:\/\/i0.wp.com\/cdnoticias.com\/wp-content\/uploads\/2022\/02\/WhatsApp-Image-2022-02-27-at-20.00.29-e1646017831666.jpeg?fit=1080%2C656&ssl=1","jetpack_sharing_enabled":true,"_links":{"self":[{"href":"https:\/\/cdnoticias.com\/index.php\/wp-json\/wp\/v2\/posts\/147209","targetHints":{"allow":["GET"]}}],"collection":[{"href":"https:\/\/cdnoticias.com\/index.php\/wp-json\/wp\/v2\/posts"}],"about":[{"href":"https:\/\/cdnoticias.com\/index.php\/wp-json\/wp\/v2\/types\/post"}],"author":[{"embeddable":true,"href":"https:\/\/cdnoticias.com\/index.php\/wp-json\/wp\/v2\/users\/96739694"}],"replies":[{"embeddable":true,"href":"https:\/\/cdnoticias.com\/index.php\/wp-json\/wp\/v2\/comments?post=147209"}],"version-history":[{"count":0,"href":"https:\/\/cdnoticias.com\/index.php\/wp-json\/wp\/v2\/posts\/147209\/revisions"}],"wp:featuredmedia":[{"embeddable":true,"href":"https:\/\/cdnoticias.com\/index.php\/wp-json\/wp\/v2\/media\/147210"}],"wp:attachment":[{"href":"https:\/\/cdnoticias.com\/index.php\/wp-json\/wp\/v2\/media?parent=147209"}],"wp:term":[{"taxonomy":"category","embeddable":true,"href":"https:\/\/cdnoticias.com\/index.php\/wp-json\/wp\/v2\/categories?post=147209"},{"taxonomy":"post_tag","embeddable":true,"href":"https:\/\/cdnoticias.com\/index.php\/wp-json\/wp\/v2\/tags?post=147209"}],"curies":[{"name":"wp","href":"https:\/\/api.w.org\/{rel}","templated":true}]}}