{"id":147199,"date":"2022-03-01T15:17:09","date_gmt":"2022-03-01T18:17:09","guid":{"rendered":"http:\/\/centraldeportes.com.ar\/?p=12266"},"modified":"2022-03-01T15:17:09","modified_gmt":"2022-03-01T18:17:09","slug":"alejo-andres-fue-un-partido-trabado-pero-lo-sacamos-adelante","status":"publish","type":"post","link":"https:\/\/cdnoticias.com\/index.php\/2022\/03\/01\/alejo-andres-fue-un-partido-trabado-pero-lo-sacamos-adelante\/","title":{"rendered":"Alejo Andr\u00e9s: \u201cFue un partido trabado pero lo sacamos adelante\u201d"},"content":{"rendered":"<p>El juvenil de Estudiantes habl\u00f3 luego de la victoria del pasado domingo en el \u201cMaxi\u201d, donde el \u201cbata\u201d super\u00f3 por 60 a 49 a Rocamora y estir\u00f3 a tres su racha positiva de triunfos.<!--more--><\/p>\n<hr \/>\n<p><strong>El elenco \u201cbataraz\u201d se mantiene en los puestos de vanguardia de la Conferencia Sur<\/strong> y a pesar de que no mostr\u00f3 un buen rendimiento en lo colectivo, <strong>el pasado fin de semana logr\u00f3 sacar buenos resultados ante Parque Sur y Rocamora<\/strong>. Tras el festejo ante el \u201cRojo\u201d de Concepci\u00f3n del Uruguay, <strong>Alejo Andr\u00e9s<\/strong> habl\u00f3 con la prensa.<\/p>\n<p>&nbsp;<\/p>\n<p><strong><em>\u201cFue un partido trabado donde bajamos mucho el goleo en ataque, pero supimos mantener bajo el goleo en defensa y lo sacamos adelante\u201d<\/em><\/strong>, recalc\u00f3 y adem\u00e1s hizo autocr\u00edtica de su rendimiento una vez finalizado el encuentro: <em><strong>\u201c<\/strong><strong>Cristian -Colli- me pide que arranque de atr\u00e1s, le d\u00e9 intensidad al equipo y suba a defender; en los partidos anteriores ven\u00eda un poco trabado pero finalmente pude hacerlo de la mejor manera<\/strong><strong>\u201d<\/strong>.<\/em><\/p>\n<p>&nbsp;<\/p>\n<p>El ex Atenas de C\u00f3rdoba prosigui\u00f3 con el an\u00e1lisis del encuentro y aludi\u00f3: <em><strong>\u201cCreo que en la parte ofensiva dejamos de correr bastante y sufrimos la baja de Aristu que nos abre mucho el per\u00edmetro y es garant\u00eda para tomar tiros\u201d<\/strong>.<\/em><\/p>\n<p>&nbsp;<\/p>\n<p>Por otro lado, el base de Estudiantes cont\u00f3 c\u00f3mo fue la adaptaci\u00f3n al equipo llegando en diciembre del 2021 en reemplazo del lesionado Juli\u00e1n Ruiz y con la temporada en transcurso: <strong><em>\u201cFue todo muy r\u00e1pido, me fueron a buscar despu\u00e9s de un partido contra San Lorenzo y de ah\u00ed salimos para la gira contra Viedma y Del Progreso\u201d<\/em><\/strong>, explic\u00f3 y luego agreg\u00f3: <em><strong>\u201cEl grupo es unido siempre, dentro y fuera de la cancha y me hicieron sentir como uno m\u00e1s desde el primer d\u00eda\u201d<\/strong>.<\/em><\/p>\n<p>&nbsp;<\/p>\n<p>Por \u00faltimo, \u00a0el jugador \u201cbataraz\u201d palpit\u00f3 los encuentros venideros que le quedan a Estudiantes, entrando ya en la recta final de la Fase Regular: <em><strong>\u201cRacing es un rival directo, tenemos que hacer lo mejor ac\u00e1 en nuestra cancha para luego sacar un buen resultado en Chivilcoy\u201d<\/strong>, <\/em>coment\u00f3 y para finalizar remarc\u00f3: <em><strong>\u201cLas expectativas est\u00e1n altas, el equipo est\u00e1 unido y si corregimos errores yo creo que nos va a ir bien\u201d<\/strong>, <\/em>cerr\u00f3.<em> \u00a0<\/em><\/p>\n","protected":false},"excerpt":{"rendered":"<p>El juvenil de Estudiantes habl\u00f3 luego de la victoria del pasado domingo en el \u201cMaxi\u201d, donde el \u201cbata\u201d super\u00f3 por<\/p>\n","protected":false},"author":96739694,"featured_media":147200,"comment_status":"closed","ping_status":"closed","sticky":false,"template":"","format":"standard","meta":{"_jetpack_memberships_contains_paid_content":false,"footnotes":""},"categories":[31,32,1],"tags":[],"class_list":["post-147199","post","type-post","status-publish","format-standard","has-post-thumbnail","hentry","category-basquet","category-liga-argentina","category-portada"],"jetpack_featured_media_url":"https:\/\/i0.wp.com\/cdnoticias.com\/wp-content\/uploads\/2022\/02\/cae-rocamora.png?fit=1280%2C853&ssl=1","jetpack_sharing_enabled":true,"_links":{"self":[{"href":"https:\/\/cdnoticias.com\/index.php\/wp-json\/wp\/v2\/posts\/147199","targetHints":{"allow":["GET"]}}],"collection":[{"href":"https:\/\/cdnoticias.com\/index.php\/wp-json\/wp\/v2\/posts"}],"about":[{"href":"https:\/\/cdnoticias.com\/index.php\/wp-json\/wp\/v2\/types\/post"}],"author":[{"embeddable":true,"href":"https:\/\/cdnoticias.com\/index.php\/wp-json\/wp\/v2\/users\/96739694"}],"replies":[{"embeddable":true,"href":"https:\/\/cdnoticias.com\/index.php\/wp-json\/wp\/v2\/comments?post=147199"}],"version-history":[{"count":0,"href":"https:\/\/cdnoticias.com\/index.php\/wp-json\/wp\/v2\/posts\/147199\/revisions"}],"wp:featuredmedia":[{"embeddable":true,"href":"https:\/\/cdnoticias.com\/index.php\/wp-json\/wp\/v2\/media\/147200"}],"wp:attachment":[{"href":"https:\/\/cdnoticias.com\/index.php\/wp-json\/wp\/v2\/media?parent=147199"}],"wp:term":[{"taxonomy":"category","embeddable":true,"href":"https:\/\/cdnoticias.com\/index.php\/wp-json\/wp\/v2\/categories?post=147199"},{"taxonomy":"post_tag","embeddable":true,"href":"https:\/\/cdnoticias.com\/index.php\/wp-json\/wp\/v2\/tags?post=147199"}],"curies":[{"name":"wp","href":"https:\/\/api.w.org\/{rel}","templated":true}]}}