{"id":14718,"date":"2021-02-25T16:37:47","date_gmt":"2021-02-25T19:37:47","guid":{"rendered":"http:\/\/www.centraldenoticias.com.ar\/?p=14718"},"modified":"2021-02-25T17:52:32","modified_gmt":"2021-02-25T20:52:32","slug":"mas-muertes-de-pacientes-con-coronavirus-en-la-region","status":"publish","type":"post","link":"https:\/\/cdnoticias.com\/index.php\/2021\/02\/25\/mas-muertes-de-pacientes-con-coronavirus-en-la-region\/","title":{"rendered":"M\u00e1s muertes de pacientes con coronavirus en la regi\u00f3n"},"content":{"rendered":"<p>En las \u00faltimas horas fueron confirmados 3 nuevos fallecimientos. Dos se registraron en Tandil, el distrito con m\u00e1s muertes de la zona, mientras que el caso restante ocurri\u00f3 en Laprida. Repaso de la situaci\u00f3n en la regi\u00f3n.<!--more--><\/p>\n<hr \/>\n<p>Pese a que el programa de vacunaci\u00f3n avanza a paso sostenido en toda la regi\u00f3n, las muertes de pacientes positivos de Coronavirus no se detienen y as\u00ed qued\u00f3 evidenciado en las \u00faltimas horas, en las que <strong>se registraron 3 nuevos fallecimientos.<\/strong><\/p>\n<p>&nbsp;<\/p>\n<p><strong>Dos de esos casos se registraron en Tandil<\/strong>, tal cual fue comunicado en el informe emitido en la noche del \u00faltimo mi\u00e9rcoles en ese detalle. En ese detalle se dio cuenta de la muerte de <strong>una mujer de 71 a\u00f1os y un hombre de 88, ambos se encontraban internados en un centro asistencial.<\/strong><\/p>\n<p>&nbsp;<\/p>\n<p><img data-recalc-dims=\"1\" loading=\"lazy\" decoding=\"async\" class=\"alignnone size-large wp-image-1114\" src=\"https:\/\/i0.wp.com\/cdnoticias.com\/wp-content\/uploads\/2020\/09\/HospitalTandil.jpg?resize=800%2C600&#038;ssl=1\" alt=\"\" width=\"800\" height=\"600\" srcset=\"https:\/\/i0.wp.com\/cdnoticias.com\/wp-content\/uploads\/2020\/09\/HospitalTandil.jpg?resize=1024%2C768&amp;ssl=1 1024w, https:\/\/i0.wp.com\/cdnoticias.com\/wp-content\/uploads\/2020\/09\/HospitalTandil.jpg?resize=300%2C225&amp;ssl=1 300w, https:\/\/i0.wp.com\/cdnoticias.com\/wp-content\/uploads\/2020\/09\/HospitalTandil.jpg?resize=768%2C576&amp;ssl=1 768w, https:\/\/i0.wp.com\/cdnoticias.com\/wp-content\/uploads\/2020\/09\/HospitalTandil.jpg?w=1200&amp;ssl=1 1200w\" sizes=\"auto, (max-width: 800px) 100vw, 800px\" \/><\/p>\n<p>&nbsp;<\/p>\n<p><strong>El distrito serrano ya cuenta con 163 muertes, la cifra m\u00e1s alta de toda la regi\u00f3n<\/strong>. A la par, tambi\u00e9n es la ciudad<strong> con m\u00e1s casos activos, con 279<\/strong>, 26 de los cuales fueron detectados en las \u00faltimas horas.<\/p>\n<p>&nbsp;<\/p>\n<p><strong>La muerte restante se registr\u00f3 en Laprida<\/strong>, m\u00e1s precisamente en el Hospital Municipal \u201cPedro Sancholuz\u201d, donde se encontraba internada la paciente de 85 a\u00f1os, que se convirti\u00f3 en el deceso n\u00famero 18 por la pandemia en el vecino municipio, que <strong>cuenta a la par con otros dos pacientes en el \u00e1rea de cuidados intensivos en centros asistenciales de Bah\u00eda Blanca, se trata de dos hombres de 38 y 42 a\u00f1os respectivamente.<\/strong><\/p>\n<p>&nbsp;<\/p>\n<p><strong>Laprida ha registrado adem\u00e1s un importante crecimiento de casos activos en los \u00faltimos d\u00edas<\/strong><a href=\"https:\/\/cdnoticias.com\/index.php\/2021\/02\/21\/el-intendente-de-laprida-dio-positivo-de-coronavirus\/\" target=\"_blank\" rel=\"noopener\">, en un listado en el que se encuentra el propio intendente municipal Pablo Torres<\/a>, quien inclusive ya recibi\u00f3 las dos dosis de la vacuna. Son en total 24 los casos activos, mientras se aguarda por el resultado de 20 hisopados.<\/p>\n<p>&nbsp;<\/p>\n<figure id=\"attachment_783\" aria-describedby=\"caption-attachment-783\" style=\"width: 800px\" class=\"wp-caption alignnone\"><img data-recalc-dims=\"1\" loading=\"lazy\" decoding=\"async\" class=\"size-large wp-image-783\" src=\"https:\/\/i0.wp.com\/cdnoticias.com\/wp-content\/uploads\/2020\/09\/WhatsApp-Image-2020-09-04-at-16.18.43.jpeg?resize=800%2C533&#038;ssl=1\" alt=\"\" width=\"800\" height=\"533\" srcset=\"https:\/\/i0.wp.com\/cdnoticias.com\/wp-content\/uploads\/2020\/09\/WhatsApp-Image-2020-09-04-at-16.18.43.jpeg?resize=1024%2C682&amp;ssl=1 1024w, https:\/\/i0.wp.com\/cdnoticias.com\/wp-content\/uploads\/2020\/09\/WhatsApp-Image-2020-09-04-at-16.18.43.jpeg?resize=300%2C200&amp;ssl=1 300w, https:\/\/i0.wp.com\/cdnoticias.com\/wp-content\/uploads\/2020\/09\/WhatsApp-Image-2020-09-04-at-16.18.43.jpeg?resize=768%2C512&amp;ssl=1 768w, https:\/\/i0.wp.com\/cdnoticias.com\/wp-content\/uploads\/2020\/09\/WhatsApp-Image-2020-09-04-at-16.18.43.jpeg?resize=272%2C182&amp;ssl=1 272w, https:\/\/i0.wp.com\/cdnoticias.com\/wp-content\/uploads\/2020\/09\/WhatsApp-Image-2020-09-04-at-16.18.43.jpeg?w=1280&amp;ssl=1 1280w\" sizes=\"auto, (max-width: 800px) 100vw, 800px\" \/><figcaption id=\"caption-attachment-783\" class=\"wp-caption-text\">El intendente de Laprida, Pablo Torres. Gentileza Prensa Municipal<\/figcaption><\/figure>\n<p>&nbsp;<\/p>\n<p>Si de n\u00famero de casos activos hablamos, la continuidad del detalle impone la menci\u00f3n de <strong>Bol\u00edvar, segundo municipio con m\u00e1s pacientes cursando actualmente la enfermedad de la regi\u00f3n, inclusive por encima de Olavarr\u00eda<\/strong>. Cuenta con 254 activos, pr\u00e1cticamente el doble de los 128 que posee nuestra ciudad seg\u00fan el parte emitido el \u00faltimo mi\u00e9rcoles. El municipio vecino detect\u00f3 4 nuevos casos en las \u00faltimas horas y cuenta adem\u00e1s con 21 fallecimientos.<\/p>\n<p>&nbsp;<\/p>\n<p><strong>Azul, por su parte, registr\u00f3 14 nuevos casos seg\u00fan el parte emitido este jueves, lo que elev\u00f3 a 72 el n\u00famero de casos activos<\/strong>. En cuanto a muertes por la pandemia la cifra se eleva a 98.<\/p>\n<p>&nbsp;<\/p>\n<p>Por \u00faltimo vale la menci\u00f3n de <strong>General La Madrid<\/strong>, municipio que en las \u00faltimas semanas supo tener la situaci\u00f3n m\u00e1s compleja de la regi\u00f3n. Actualmente cuenta con <strong>23 activos -1 detectado en la jornada del \u00faltimo mi\u00e9rcoles-, 5 muertes y 10 casos en estudio.<\/strong><\/p>\n","protected":false},"excerpt":{"rendered":"<p>En las \u00faltimas horas fueron confirmados 3 nuevos fallecimientos. Dos se registraron en Tandil, el distrito con m\u00e1s muertes de<\/p>\n","protected":false},"author":3,"featured_media":2506,"comment_status":"closed","ping_status":"closed","sticky":false,"template":"","format":"standard","meta":{"_jetpack_memberships_contains_paid_content":false,"footnotes":""},"categories":[6,1],"tags":[],"class_list":["post-14718","post","type-post","status-publish","format-standard","has-post-thumbnail","hentry","category-nacionales","category-portada"],"jetpack_featured_media_url":"https:\/\/i0.wp.com\/cdnoticias.com\/wp-content\/uploads\/2020\/09\/hospital-laprida1-e1627931633232.jpg?fit=503%2C297&ssl=1","jetpack_sharing_enabled":true,"_links":{"self":[{"href":"https:\/\/cdnoticias.com\/index.php\/wp-json\/wp\/v2\/posts\/14718","targetHints":{"allow":["GET"]}}],"collection":[{"href":"https:\/\/cdnoticias.com\/index.php\/wp-json\/wp\/v2\/posts"}],"about":[{"href":"https:\/\/cdnoticias.com\/index.php\/wp-json\/wp\/v2\/types\/post"}],"author":[{"embeddable":true,"href":"https:\/\/cdnoticias.com\/index.php\/wp-json\/wp\/v2\/users\/3"}],"replies":[{"embeddable":true,"href":"https:\/\/cdnoticias.com\/index.php\/wp-json\/wp\/v2\/comments?post=14718"}],"version-history":[{"count":0,"href":"https:\/\/cdnoticias.com\/index.php\/wp-json\/wp\/v2\/posts\/14718\/revisions"}],"wp:featuredmedia":[{"embeddable":true,"href":"https:\/\/cdnoticias.com\/index.php\/wp-json\/wp\/v2\/media\/2506"}],"wp:attachment":[{"href":"https:\/\/cdnoticias.com\/index.php\/wp-json\/wp\/v2\/media?parent=14718"}],"wp:term":[{"taxonomy":"category","embeddable":true,"href":"https:\/\/cdnoticias.com\/index.php\/wp-json\/wp\/v2\/categories?post=14718"},{"taxonomy":"post_tag","embeddable":true,"href":"https:\/\/cdnoticias.com\/index.php\/wp-json\/wp\/v2\/tags?post=14718"}],"curies":[{"name":"wp","href":"https:\/\/api.w.org\/{rel}","templated":true}]}}