{"id":147158,"date":"2022-02-25T13:21:18","date_gmt":"2022-02-25T16:21:18","guid":{"rendered":"http:\/\/centraldeportes.com.ar\/?p=12034"},"modified":"2022-02-25T13:21:18","modified_gmt":"2022-02-25T16:21:18","slug":"mauricio-peralta-ya-trabaja-en-ferro","status":"publish","type":"post","link":"https:\/\/cdnoticias.com\/index.php\/2022\/02\/25\/mauricio-peralta-ya-trabaja-en-ferro\/","title":{"rendered":"Mauricio Peralta ya trabaja en Ferro"},"content":{"rendered":"<p>En horas del mediod\u00eda de este jueves, Ferro inici\u00f3 los entrenamientos a las \u00f3rdenes de Mauricio Peralta.<!--more--><\/p>\n<hr \/>\n<p>Tras la eliminaci\u00f3n en la Final Regional del Torneo Regional Amateur y el alejamiento de Gustavo Romanello, Ferro inici\u00f3 la temporada a cargo de Mauricio Peralta.<\/p>\n<p>&nbsp;<\/p>\n<p>El DT que trabajar\u00e1 con Rub\u00e9n Istilliarte como ayudante de campo y Diego Arredondo y Mario V\u00e1zquez como \u201cprofes\u201d y Alfredo Leguizam\u00f3n como entrenador de arqueros, fue presentado por el presidente del \u201cCarbonero\u201d, Roberto Vidal.<\/p>\n","protected":false},"excerpt":{"rendered":"<p>En horas del mediod\u00eda de este jueves, Ferro inici\u00f3 los entrenamientos a las \u00f3rdenes de Mauricio Peralta.<\/p>\n","protected":false},"author":96739694,"featured_media":147159,"comment_status":"closed","ping_status":"closed","sticky":false,"template":"","format":"standard","meta":{"_jetpack_memberships_contains_paid_content":false,"footnotes":""},"categories":[35,1,41],"tags":[],"class_list":["post-147158","post","type-post","status-publish","format-standard","has-post-thumbnail","hentry","category-futbol","category-portada","category-primera-y-reserva"],"jetpack_featured_media_url":"https:\/\/i0.wp.com\/cdnoticias.com\/wp-content\/uploads\/2022\/02\/274233611_10229070615136670_4067222240579354919_n-e1645744456444.jpg?fit=1080%2C764&ssl=1","jetpack_sharing_enabled":true,"_links":{"self":[{"href":"https:\/\/cdnoticias.com\/index.php\/wp-json\/wp\/v2\/posts\/147158","targetHints":{"allow":["GET"]}}],"collection":[{"href":"https:\/\/cdnoticias.com\/index.php\/wp-json\/wp\/v2\/posts"}],"about":[{"href":"https:\/\/cdnoticias.com\/index.php\/wp-json\/wp\/v2\/types\/post"}],"author":[{"embeddable":true,"href":"https:\/\/cdnoticias.com\/index.php\/wp-json\/wp\/v2\/users\/96739694"}],"replies":[{"embeddable":true,"href":"https:\/\/cdnoticias.com\/index.php\/wp-json\/wp\/v2\/comments?post=147158"}],"version-history":[{"count":0,"href":"https:\/\/cdnoticias.com\/index.php\/wp-json\/wp\/v2\/posts\/147158\/revisions"}],"wp:featuredmedia":[{"embeddable":true,"href":"https:\/\/cdnoticias.com\/index.php\/wp-json\/wp\/v2\/media\/147159"}],"wp:attachment":[{"href":"https:\/\/cdnoticias.com\/index.php\/wp-json\/wp\/v2\/media?parent=147158"}],"wp:term":[{"taxonomy":"category","embeddable":true,"href":"https:\/\/cdnoticias.com\/index.php\/wp-json\/wp\/v2\/categories?post=147158"},{"taxonomy":"post_tag","embeddable":true,"href":"https:\/\/cdnoticias.com\/index.php\/wp-json\/wp\/v2\/tags?post=147158"}],"curies":[{"name":"wp","href":"https:\/\/api.w.org\/{rel}","templated":true}]}}