{"id":14714,"date":"2021-02-25T15:50:13","date_gmt":"2021-02-25T18:50:13","guid":{"rendered":"http:\/\/www.centraldenoticias.com.ar\/?p=14714"},"modified":"2021-02-25T15:50:13","modified_gmt":"2021-02-25T18:50:13","slug":"8m-convocan-a-participar-del-armado-de-actividades-y-confirman-una-marcha","status":"publish","type":"post","link":"https:\/\/cdnoticias.com\/index.php\/2021\/02\/25\/8m-convocan-a-participar-del-armado-de-actividades-y-confirman-una-marcha\/","title":{"rendered":"#8M: Convocan a participar del armado de actividades y confirman una marcha"},"content":{"rendered":"<p>El llamado realizado por el espacio que integran mujeres y disidencias del Frente de Todos propone la diagramaci\u00f3n de un cronograma de acciones en el marco del Paro Internacional de Mujeres<!--more--><\/p>\n<hr \/>\n<p>El espacio del Frente de Todos integrado por mujeres y disidencias se reuni\u00f3 para delinear distintas actividades de cara al <strong>Paro Internacional de Mujeres<\/strong>, el pr\u00f3ximo 8 de marzo.<\/p>\n<p>&nbsp;<\/p>\n<p>Durante el encuentro se defini\u00f3 que marcharan el 8 desde el paseo Jes\u00fas Mend\u00eda e<strong> invitaron a toda la comunidad a participar y definir el cronograma de actividades.<\/strong><\/p>\n<p>&nbsp;<\/p>\n<p>En ese sentido, integrantes del espacio se\u00f1alaron que realizar\u00e1n un <strong>encuentro abierto el pr\u00f3ximo mi\u00e9rcoles 3 de marzo a partir de las 16:00 en Red Puentes, ubicado en Rivadavia 2257.<\/strong><\/p>\n<p>&nbsp;<\/p>\n<p>Adem\u00e1s, confirmaron que el <strong>8 de marzo a las 18:00 marcharan nuevamente desde el Paseo Jes\u00fas Mend\u00eda<\/strong> y resaltaron la importancia de volcarse a las calles para pedir justicia y reivindicar la conquista de derechos del movimiento de mujeres y disidencias.<\/p>\n<p>&nbsp;<\/p>\n<p><img data-recalc-dims=\"1\" loading=\"lazy\" decoding=\"async\" class=\"alignnone size-full wp-image-14716\" src=\"https:\/\/i0.wp.com\/cdnoticias.com\/wp-content\/uploads\/2021\/02\/831abd7b-ca0d-4afd-9038-5c1e604ecd54.jpg?resize=800%2C600&#038;ssl=1\" alt=\"\" width=\"800\" height=\"600\" srcset=\"https:\/\/i0.wp.com\/cdnoticias.com\/wp-content\/uploads\/2021\/02\/831abd7b-ca0d-4afd-9038-5c1e604ecd54.jpg?w=1032&amp;ssl=1 1032w, https:\/\/i0.wp.com\/cdnoticias.com\/wp-content\/uploads\/2021\/02\/831abd7b-ca0d-4afd-9038-5c1e604ecd54.jpg?resize=300%2C225&amp;ssl=1 300w, https:\/\/i0.wp.com\/cdnoticias.com\/wp-content\/uploads\/2021\/02\/831abd7b-ca0d-4afd-9038-5c1e604ecd54.jpg?resize=768%2C576&amp;ssl=1 768w, https:\/\/i0.wp.com\/cdnoticias.com\/wp-content\/uploads\/2021\/02\/831abd7b-ca0d-4afd-9038-5c1e604ecd54.jpg?resize=1024%2C768&amp;ssl=1 1024w\" sizes=\"auto, (max-width: 800px) 100vw, 800px\" \/><\/p>\n<p>&nbsp;<\/p>\n<p>Por \u00faltimo, desde la organizaci\u00f3n comunicaron que a\u00fan resta definir el <strong>cronograma completo de la semana de la mujer<\/strong>, en el que ya est\u00e1n trabajando y ser\u00e1 difundido pr\u00f3ximamente.<\/p>\n<p>&nbsp;<\/p>\n<p>Indicaron que componen este frente: Nueva Mayor\u00eda; Mujeres Evita; La C\u00e1mpora; Foro Olavarr\u00eda; Sec. de G\u00e9nero Suteba CTA; Nuestra Am\u00e9rica MP; Movimiento Mayo; Juventud Peronista Olavarr\u00eda; Lealtad Corriente Militante; Proyecto Peronista; Corriente de la Militancia; SUTERYH REGI\u00d3N CTRO.PCIA BS.AS.; CECO; Sadop y Smata.<\/p>\n","protected":false},"excerpt":{"rendered":"<p>El llamado realizado por el espacio que integran mujeres y disidencias del Frente de Todos propone la diagramaci\u00f3n de un<\/p>\n","protected":false},"author":5,"featured_media":14715,"comment_status":"closed","ping_status":"closed","sticky":false,"template":"","format":"standard","meta":{"_jetpack_memberships_contains_paid_content":false,"footnotes":""},"categories":[3,1],"tags":[],"class_list":["post-14714","post","type-post","status-publish","format-standard","has-post-thumbnail","hentry","category-genero","category-portada"],"jetpack_featured_media_url":"https:\/\/i0.wp.com\/cdnoticias.com\/wp-content\/uploads\/2021\/02\/WhatsApp-Image-2021-02-24-at-21.10.51.jpeg?fit=1032%2C774&ssl=1","jetpack_sharing_enabled":true,"_links":{"self":[{"href":"https:\/\/cdnoticias.com\/index.php\/wp-json\/wp\/v2\/posts\/14714","targetHints":{"allow":["GET"]}}],"collection":[{"href":"https:\/\/cdnoticias.com\/index.php\/wp-json\/wp\/v2\/posts"}],"about":[{"href":"https:\/\/cdnoticias.com\/index.php\/wp-json\/wp\/v2\/types\/post"}],"author":[{"embeddable":true,"href":"https:\/\/cdnoticias.com\/index.php\/wp-json\/wp\/v2\/users\/5"}],"replies":[{"embeddable":true,"href":"https:\/\/cdnoticias.com\/index.php\/wp-json\/wp\/v2\/comments?post=14714"}],"version-history":[{"count":0,"href":"https:\/\/cdnoticias.com\/index.php\/wp-json\/wp\/v2\/posts\/14714\/revisions"}],"wp:featuredmedia":[{"embeddable":true,"href":"https:\/\/cdnoticias.com\/index.php\/wp-json\/wp\/v2\/media\/14715"}],"wp:attachment":[{"href":"https:\/\/cdnoticias.com\/index.php\/wp-json\/wp\/v2\/media?parent=14714"}],"wp:term":[{"taxonomy":"category","embeddable":true,"href":"https:\/\/cdnoticias.com\/index.php\/wp-json\/wp\/v2\/categories?post=14714"},{"taxonomy":"post_tag","embeddable":true,"href":"https:\/\/cdnoticias.com\/index.php\/wp-json\/wp\/v2\/tags?post=14714"}],"curies":[{"name":"wp","href":"https:\/\/api.w.org\/{rel}","templated":true}]}}