{"id":14698,"date":"2021-02-25T12:59:34","date_gmt":"2021-02-25T15:59:34","guid":{"rendered":"http:\/\/www.centraldenoticias.com.ar\/?p=14698"},"modified":"2021-02-25T16:42:07","modified_gmt":"2021-02-25T19:42:07","slug":"homenaje-al-padre-de-la-patria-en-olavarria","status":"publish","type":"post","link":"https:\/\/cdnoticias.com\/index.php\/2021\/02\/25\/homenaje-al-padre-de-la-patria-en-olavarria\/","title":{"rendered":"Homenaje al \u201cpadre de la Patria\u201d en Olavarr\u00eda"},"content":{"rendered":"<p>Fue al cumplirse 243 a\u00f1os del nacimiento del General Jos\u00e9 de San Mart\u00edn. Participaron distintos actores de la comunidad y no falt\u00f3 el momento emotivo, a cargo de un peque\u00f1o admirador del pr\u00f3cer.<!--more--><\/p>\n<hr \/>\n<p>El acto por el <strong>243 aniversario del nacimiento del General Jos\u00e9 de San Mart\u00edn<\/strong> se concret\u00f3 este jueves por la ma\u00f1ana en la plazoleta Aguado, ubicada en el Parque del Bicentenario. Hubo presencia de autoridades municipales, militares, educativas y culturales, entre otras.<\/p>\n<p>&nbsp;<\/p>\n<p>Uno de los momentos que cautiv\u00f3 la atenci\u00f3n de todos, fue la presentaci\u00f3n de <strong>Agust\u00edn Abdala, un ni\u00f1o de 4 a\u00f1os, ferviente admirador del General Jos\u00e9 de San Mart\u00edn<\/strong>, quien asisti\u00f3 al acto acompa\u00f1ado de sus familiares, vestido de granadero, para rendirle honor a su gran h\u00e9roe.<\/p>\n<p>&nbsp;<\/p>\n<p><em>\u201cEl general dej\u00f3 su marca en cada pa\u00eds de Latinoam\u00e9rica al que fue. Para 1817 complet\u00f3 una de las gestas m\u00e1s extraordinarias: el Cruce de los Andes. La herencia de los valores sanmartinianos refuerza el sentimiento de una naci\u00f3n convencida de que los principios democr\u00e1ticos, el respeto por los derechos humanos y el desarrollo con inclusi\u00f3n social son los pilares para la construcci\u00f3n de una sociedad m\u00e1s justa y equitativa\u201d.<\/em><\/p>\n<p>&nbsp;<\/p>\n<p><img data-recalc-dims=\"1\" loading=\"lazy\" decoding=\"async\" class=\"alignnone size-full wp-image-14701\" src=\"https:\/\/i0.wp.com\/cdnoticias.com\/wp-content\/uploads\/2021\/02\/Acto-Natalicio-San-Martin-3-scaled.jpg?resize=800%2C533&#038;ssl=1\" alt=\"\" width=\"800\" height=\"533\" srcset=\"https:\/\/i0.wp.com\/cdnoticias.com\/wp-content\/uploads\/2021\/02\/Acto-Natalicio-San-Martin-3-scaled.jpg?w=2560&amp;ssl=1 2560w, https:\/\/i0.wp.com\/cdnoticias.com\/wp-content\/uploads\/2021\/02\/Acto-Natalicio-San-Martin-3-scaled.jpg?resize=300%2C200&amp;ssl=1 300w, https:\/\/i0.wp.com\/cdnoticias.com\/wp-content\/uploads\/2021\/02\/Acto-Natalicio-San-Martin-3-scaled.jpg?resize=768%2C512&amp;ssl=1 768w, https:\/\/i0.wp.com\/cdnoticias.com\/wp-content\/uploads\/2021\/02\/Acto-Natalicio-San-Martin-3-scaled.jpg?resize=1024%2C683&amp;ssl=1 1024w, https:\/\/i0.wp.com\/cdnoticias.com\/wp-content\/uploads\/2021\/02\/Acto-Natalicio-San-Martin-3-scaled.jpg?resize=272%2C182&amp;ssl=1 272w, https:\/\/i0.wp.com\/cdnoticias.com\/wp-content\/uploads\/2021\/02\/Acto-Natalicio-San-Martin-3-scaled.jpg?w=1600&amp;ssl=1 1600w, https:\/\/i0.wp.com\/cdnoticias.com\/wp-content\/uploads\/2021\/02\/Acto-Natalicio-San-Martin-3-scaled.jpg?w=2400&amp;ssl=1 2400w\" sizes=\"auto, (max-width: 800px) 100vw, 800px\" \/><\/p>\n<p>&nbsp;<\/p>\n<p>Con estas palabras se inici\u00f3 el acto encabezado por el intendente Interino Juan Mujica, el Jefe del Regimiento de Caballer\u00eda de Tanques 2 Teniente Coronel Cristian Castellanos, el Jefe del Escuadr\u00f3n de Ingenieros Blindado 1 Mayor Nicol\u00e1s Augusto Etienot, el Presidente del Concejo Deliberante Bruno Cenizo, el Presidente de la Asociaci\u00f3n Cultural Sanmartiniana Comandante H\u00e9ctor Hoyos, el Presidente del Consejo Escolar Bruno Di Carlo, representantes de la Asociaci\u00f3n Veteranos de Guerra \u201c2 de Abril\u201d, Uni\u00f3n de Soldados Continentales, Bomberos Voluntarios, junto a concejales, autoridades municipales, educativas, militares y fuerzas de seguridad.<\/p>\n<p>&nbsp;<\/p>\n<p>El <strong>Jefe de Tropas Teniente Primero Mat\u00edas Ariel Sarrautte<\/strong>, present\u00f3 la Agrupaci\u00f3n Padre de la Patria al Jefe del Regimiento de Caballer\u00eda de Tanques 2 Teniente Coronel Cristian Castellanos. Luego el Intendente Interino Juan Mujica realiz\u00f3 el tradicional saludo y seguidamente se entonaron las estrofas del Himno Nacional Argentino.<\/p>\n<p>&nbsp;<\/p>\n<p><img data-recalc-dims=\"1\" loading=\"lazy\" decoding=\"async\" class=\"alignnone size-full wp-image-14703\" src=\"https:\/\/i0.wp.com\/cdnoticias.com\/wp-content\/uploads\/2021\/02\/Acto-Natalicio-San-Martin-5-scaled.jpg?resize=800%2C533&#038;ssl=1\" alt=\"\" width=\"800\" height=\"533\" srcset=\"https:\/\/i0.wp.com\/cdnoticias.com\/wp-content\/uploads\/2021\/02\/Acto-Natalicio-San-Martin-5-scaled.jpg?w=2560&amp;ssl=1 2560w, https:\/\/i0.wp.com\/cdnoticias.com\/wp-content\/uploads\/2021\/02\/Acto-Natalicio-San-Martin-5-scaled.jpg?resize=300%2C200&amp;ssl=1 300w, https:\/\/i0.wp.com\/cdnoticias.com\/wp-content\/uploads\/2021\/02\/Acto-Natalicio-San-Martin-5-scaled.jpg?resize=768%2C512&amp;ssl=1 768w, https:\/\/i0.wp.com\/cdnoticias.com\/wp-content\/uploads\/2021\/02\/Acto-Natalicio-San-Martin-5-scaled.jpg?resize=1024%2C683&amp;ssl=1 1024w, https:\/\/i0.wp.com\/cdnoticias.com\/wp-content\/uploads\/2021\/02\/Acto-Natalicio-San-Martin-5-scaled.jpg?resize=272%2C182&amp;ssl=1 272w, https:\/\/i0.wp.com\/cdnoticias.com\/wp-content\/uploads\/2021\/02\/Acto-Natalicio-San-Martin-5-scaled.jpg?w=1600&amp;ssl=1 1600w, https:\/\/i0.wp.com\/cdnoticias.com\/wp-content\/uploads\/2021\/02\/Acto-Natalicio-San-Martin-5-scaled.jpg?w=2400&amp;ssl=1 2400w\" sizes=\"auto, (max-width: 800px) 100vw, 800px\" \/><\/p>\n<p>&nbsp;<\/p>\n<p>Posteriormente, <strong>el intendente interino Juan Mujica junto al presidente del Concejo Deliberante Bruno Cenizo<\/strong> fueron los primeros en colocar la ofrenda floral en el Monumento al Libertador, en representaci\u00f3n de toda la comunidad olavarriense.<\/p>\n<p>&nbsp;<\/p>\n<p>Seguidamente hicieron lo propio el<strong> Jefe del Regimiento de Caballer\u00eda de Tanques 2, Teniente Coronel Cristian Castellanos, el Jefe del Escuadr\u00f3n de Ingenieros Blindado 1 Mayor Nicol\u00e1s Augusto Etienot<\/strong>, en representaci\u00f3n de la Guarnici\u00f3n Ej\u00e9rcito Olavarr\u00eda.<\/p>\n<p>&nbsp;<\/p>\n<p>Por \u00faltimo, fue el turno del presidente de la Asociaci\u00f3n Cultural Sanmartiniana Comandante H\u00e9ctor Hoyos junto a la vicepresidenta Marta Cataldi y Germ\u00e1n L\u00f3pez por el Regimiento.<\/p>\n<p>&nbsp;<\/p>\n<p><img data-recalc-dims=\"1\" loading=\"lazy\" decoding=\"async\" class=\"alignnone size-full wp-image-14699\" src=\"https:\/\/i0.wp.com\/cdnoticias.com\/wp-content\/uploads\/2021\/02\/Acto-Natalicio-San-Martin-1-scaled.jpg?resize=800%2C533&#038;ssl=1\" alt=\"\" width=\"800\" height=\"533\" srcset=\"https:\/\/i0.wp.com\/cdnoticias.com\/wp-content\/uploads\/2021\/02\/Acto-Natalicio-San-Martin-1-scaled.jpg?w=2560&amp;ssl=1 2560w, https:\/\/i0.wp.com\/cdnoticias.com\/wp-content\/uploads\/2021\/02\/Acto-Natalicio-San-Martin-1-scaled.jpg?resize=300%2C200&amp;ssl=1 300w, https:\/\/i0.wp.com\/cdnoticias.com\/wp-content\/uploads\/2021\/02\/Acto-Natalicio-San-Martin-1-scaled.jpg?resize=768%2C512&amp;ssl=1 768w, https:\/\/i0.wp.com\/cdnoticias.com\/wp-content\/uploads\/2021\/02\/Acto-Natalicio-San-Martin-1-scaled.jpg?resize=1024%2C683&amp;ssl=1 1024w, https:\/\/i0.wp.com\/cdnoticias.com\/wp-content\/uploads\/2021\/02\/Acto-Natalicio-San-Martin-1-scaled.jpg?resize=272%2C182&amp;ssl=1 272w, https:\/\/i0.wp.com\/cdnoticias.com\/wp-content\/uploads\/2021\/02\/Acto-Natalicio-San-Martin-1-scaled.jpg?w=1600&amp;ssl=1 1600w, https:\/\/i0.wp.com\/cdnoticias.com\/wp-content\/uploads\/2021\/02\/Acto-Natalicio-San-Martin-1-scaled.jpg?w=2400&amp;ssl=1 2400w\" sizes=\"auto, (max-width: 800px) 100vw, 800px\" \/><\/p>\n<p>&nbsp;<\/p>\n<p>La<strong> Capitana Victoria Harasimowicz del Escuadr\u00f3n de Ingenieros Blindado 1, \u201cSan Ignacio de Loyola\u201d<\/strong> hizo uso de palabra, destacando gran parte de la historia y legado del Libertador de Am\u00e9rica.<\/p>\n<p>&nbsp;<\/p>\n<p>Tras las palabras emotivas se enton\u00f3 la Marcha de San Lorenzo, luego se retiraron las banderas y se despidieron a las banderas nacionales de guerra, con la Marcha de Ituzaing\u00f3.<\/p>\n<p>&nbsp;<\/p>\n","protected":false},"excerpt":{"rendered":"<p>Fue al cumplirse 243 a\u00f1os del nacimiento del General Jos\u00e9 de San Mart\u00edn. Participaron distintos actores de la comunidad y<\/p>\n","protected":false},"author":5,"featured_media":14704,"comment_status":"closed","ping_status":"closed","sticky":false,"template":"","format":"standard","meta":{"_jetpack_memberships_contains_paid_content":false,"footnotes":""},"categories":[5,1],"tags":[],"class_list":["post-14698","post","type-post","status-publish","format-standard","has-post-thumbnail","hentry","category-informacion-general","category-portada"],"jetpack_featured_media_url":"https:\/\/i0.wp.com\/cdnoticias.com\/wp-content\/uploads\/2021\/02\/Acto-Natalicio-San-Martin-6-scaled.jpg?fit=2560%2C1707&ssl=1","jetpack_sharing_enabled":true,"_links":{"self":[{"href":"https:\/\/cdnoticias.com\/index.php\/wp-json\/wp\/v2\/posts\/14698","targetHints":{"allow":["GET"]}}],"collection":[{"href":"https:\/\/cdnoticias.com\/index.php\/wp-json\/wp\/v2\/posts"}],"about":[{"href":"https:\/\/cdnoticias.com\/index.php\/wp-json\/wp\/v2\/types\/post"}],"author":[{"embeddable":true,"href":"https:\/\/cdnoticias.com\/index.php\/wp-json\/wp\/v2\/users\/5"}],"replies":[{"embeddable":true,"href":"https:\/\/cdnoticias.com\/index.php\/wp-json\/wp\/v2\/comments?post=14698"}],"version-history":[{"count":0,"href":"https:\/\/cdnoticias.com\/index.php\/wp-json\/wp\/v2\/posts\/14698\/revisions"}],"wp:featuredmedia":[{"embeddable":true,"href":"https:\/\/cdnoticias.com\/index.php\/wp-json\/wp\/v2\/media\/14704"}],"wp:attachment":[{"href":"https:\/\/cdnoticias.com\/index.php\/wp-json\/wp\/v2\/media?parent=14698"}],"wp:term":[{"taxonomy":"category","embeddable":true,"href":"https:\/\/cdnoticias.com\/index.php\/wp-json\/wp\/v2\/categories?post=14698"},{"taxonomy":"post_tag","embeddable":true,"href":"https:\/\/cdnoticias.com\/index.php\/wp-json\/wp\/v2\/tags?post=14698"}],"curies":[{"name":"wp","href":"https:\/\/api.w.org\/{rel}","templated":true}]}}