{"id":1468,"date":"2020-09-13T15:38:59","date_gmt":"2020-09-13T18:38:59","guid":{"rendered":"http:\/\/www.centraldenoticias.com.ar\/?p=1468"},"modified":"2020-09-13T15:38:59","modified_gmt":"2020-09-13T18:38:59","slug":"horacio-roberto-alsina-guegue-q-e-p-d","status":"publish","type":"post","link":"https:\/\/cdnoticias.com\/index.php\/2020\/09\/13\/horacio-roberto-alsina-guegue-q-e-p-d\/","title":{"rendered":"Horacio Roberto Alsina &#8220;Guegue&#8221; (Q.E.P.D.)"},"content":{"rendered":"<p>Falleci\u00f3 en Olavarr\u00eda el d\u00eda 13 de Septiembre\u00a0 de 2020\u00a0 a los\u00a0 71\u00a0 a\u00f1os de edad. Sus hijos Am\u00edlcar y Mar\u00eda, sus hijos pol\u00edticos Cristian y Candela, sus nietos Mateo, Pilar y Zoe, sus hermanos Carlitos y Susana, sus hermanos\u00a0pol\u00edticos Liliana y Coco, sus sobrinos, amigos y dem\u00e1s deudos participan su fallecimiento. No se realizar\u00e1 velatorio ni responso, sus restos ser\u00e1n inhumados este lunes desde las 10.30 en el cementerio Loma de Paz. Vecino del barrio San Vicente, jubilado.<\/p>\n<p>&nbsp;<\/p>\n","protected":false},"excerpt":{"rendered":"<p>Falleci\u00f3 en Olavarr\u00eda el d\u00eda 13 de Septiembre\u00a0 de 2020\u00a0 a los\u00a0 71\u00a0 a\u00f1os de edad. Sus hijos Am\u00edlcar y<\/p>\n","protected":false},"author":3,"featured_media":0,"comment_status":"closed","ping_status":"closed","sticky":false,"template":"","format":"standard","meta":{"_jetpack_memberships_contains_paid_content":false,"footnotes":""},"categories":[10],"tags":[],"class_list":["post-1468","post","type-post","status-publish","format-standard","hentry","category-necrologicas"],"jetpack_featured_media_url":"","jetpack_sharing_enabled":true,"_links":{"self":[{"href":"https:\/\/cdnoticias.com\/index.php\/wp-json\/wp\/v2\/posts\/1468","targetHints":{"allow":["GET"]}}],"collection":[{"href":"https:\/\/cdnoticias.com\/index.php\/wp-json\/wp\/v2\/posts"}],"about":[{"href":"https:\/\/cdnoticias.com\/index.php\/wp-json\/wp\/v2\/types\/post"}],"author":[{"embeddable":true,"href":"https:\/\/cdnoticias.com\/index.php\/wp-json\/wp\/v2\/users\/3"}],"replies":[{"embeddable":true,"href":"https:\/\/cdnoticias.com\/index.php\/wp-json\/wp\/v2\/comments?post=1468"}],"version-history":[{"count":0,"href":"https:\/\/cdnoticias.com\/index.php\/wp-json\/wp\/v2\/posts\/1468\/revisions"}],"wp:attachment":[{"href":"https:\/\/cdnoticias.com\/index.php\/wp-json\/wp\/v2\/media?parent=1468"}],"wp:term":[{"taxonomy":"category","embeddable":true,"href":"https:\/\/cdnoticias.com\/index.php\/wp-json\/wp\/v2\/categories?post=1468"},{"taxonomy":"post_tag","embeddable":true,"href":"https:\/\/cdnoticias.com\/index.php\/wp-json\/wp\/v2\/tags?post=1468"}],"curies":[{"name":"wp","href":"https:\/\/api.w.org\/{rel}","templated":true}]}}