{"id":14672,"date":"2021-02-25T09:34:17","date_gmt":"2021-02-25T12:34:17","guid":{"rendered":"http:\/\/www.centraldenoticias.com.ar\/?p=14672"},"modified":"2021-02-25T11:43:52","modified_gmt":"2021-02-25T14:43:52","slug":"roberto-mario-jofre-q-e-p-d","status":"publish","type":"post","link":"https:\/\/cdnoticias.com\/index.php\/2021\/02\/25\/roberto-mario-jofre-q-e-p-d\/","title":{"rendered":"Roberto Mario Jofre (Q.E.P.D.)"},"content":{"rendered":"<p>Falleci\u00f3 en Olavarr\u00eda el 24 de febrero a los 65 a\u00f1os. Su esposa Marta Montero; su hermano Marcelo Jofre, su cu\u00f1ada Coca de Jofre, su sobrina Romina, su sobrino Jonathan, sus hijos del coraz\u00f3n Ivana Barbona, Viviana Barbona y Sebasti\u00e1n Barbona; sus hijos pol\u00edticos del coraz\u00f3n Julio, Alfonso y Marianela; sus cu\u00f1ados, amigos y dem\u00e1s deudos participan su fallecimiento.<\/p>\n<p>&nbsp;<\/p>\n<p>Sus restos ser\u00e1n velados en Espa\u00f1a 2942 departamento &#8220;B&#8221; (abre este jueves de 14 a 16) y ser\u00e1n cremados en Crematorio Pinos de Paz, el viernes 26 de febrero a las 15:00.\u00a0Nacido en Mar del Plata, vecino de Barrio Sarmiento.<\/p>\n","protected":false},"excerpt":{"rendered":"<p>Falleci\u00f3 en Olavarr\u00eda el 24 de febrero a los 65 a\u00f1os. Su esposa Marta Montero; su hermano Marcelo Jofre, su<\/p>\n","protected":false},"author":2,"featured_media":0,"comment_status":"closed","ping_status":"closed","sticky":false,"template":"","format":"standard","meta":{"_jetpack_memberships_contains_paid_content":false,"footnotes":""},"categories":[10],"tags":[],"class_list":["post-14672","post","type-post","status-publish","format-standard","hentry","category-necrologicas"],"jetpack_featured_media_url":"","jetpack_sharing_enabled":true,"_links":{"self":[{"href":"https:\/\/cdnoticias.com\/index.php\/wp-json\/wp\/v2\/posts\/14672","targetHints":{"allow":["GET"]}}],"collection":[{"href":"https:\/\/cdnoticias.com\/index.php\/wp-json\/wp\/v2\/posts"}],"about":[{"href":"https:\/\/cdnoticias.com\/index.php\/wp-json\/wp\/v2\/types\/post"}],"author":[{"embeddable":true,"href":"https:\/\/cdnoticias.com\/index.php\/wp-json\/wp\/v2\/users\/2"}],"replies":[{"embeddable":true,"href":"https:\/\/cdnoticias.com\/index.php\/wp-json\/wp\/v2\/comments?post=14672"}],"version-history":[{"count":0,"href":"https:\/\/cdnoticias.com\/index.php\/wp-json\/wp\/v2\/posts\/14672\/revisions"}],"wp:attachment":[{"href":"https:\/\/cdnoticias.com\/index.php\/wp-json\/wp\/v2\/media?parent=14672"}],"wp:term":[{"taxonomy":"category","embeddable":true,"href":"https:\/\/cdnoticias.com\/index.php\/wp-json\/wp\/v2\/categories?post=14672"},{"taxonomy":"post_tag","embeddable":true,"href":"https:\/\/cdnoticias.com\/index.php\/wp-json\/wp\/v2\/tags?post=14672"}],"curies":[{"name":"wp","href":"https:\/\/api.w.org\/{rel}","templated":true}]}}