{"id":146671,"date":"2022-04-10T13:45:53","date_gmt":"2022-04-10T16:45:53","guid":{"rendered":"http:\/\/centraldeportes.com.ar\/?p=14320"},"modified":"2022-04-10T13:45:53","modified_gmt":"2022-04-10T16:45:53","slug":"la-octava-fecha-del-torneo-clausura-fue-suspendida","status":"publish","type":"post","link":"https:\/\/cdnoticias.com\/index.php\/2022\/04\/10\/la-octava-fecha-del-torneo-clausura-fue-suspendida\/","title":{"rendered":"La octava fecha del Torneo Clausura fue suspendida"},"content":{"rendered":"<p>Debido a las adversas condiciones clim\u00e1ticas de este domingo, la octava jornada del certamen organizado por la Liga de F\u00fatbol de Olavarr\u00eda fue suspendida.<!--more--><\/p>\n<hr \/>\n<p>Este domingo deb\u00eda disputarse la 8\u00ba fecha del Torneo Clausura &#8220;Norberto Desanzo&#8221; de Primera Divisi\u00f3n, pero debido a las condiciones clim\u00e1ticas poco alentadoras por lluvia y tormentas el\u00e9ctricas previstas para la ciudad de Olavarr\u00eda, tuvo que interrumpirse.<\/p>\n<p>&nbsp;<\/p>\n<p>De esta manera, seg\u00fan informaron dirigentes de la Liga de F\u00fatbol de Olavarr\u00eda, la octava jornada ser\u00e1 reprogramada entre los d\u00edas lunes, martes y mi\u00e9rcoles.<\/p>\n<p>&nbsp;<\/p>\n<p>Duelos correspondientes:<\/p>\n<p><strong>Lunes 11<\/strong> &#8211; Embajadores vs San Mart\u00edn (21:00 hs.)<\/p>\n<p><strong>Martes 12<\/strong> &#8211; Sierra Chica vs Racing (15:30 hs.)<\/p>\n<p>Ferro Carril Sud vs Estudiantes (21:00 hs.)<\/p>\n<p>Loma Negra vs El Fort\u00edn (21:00 hs.)<\/p>\n<p><strong>Mi\u00e9rcoles 13<\/strong> &#8211; Luj\u00e1n vs Municipales (20:30 hs.)<\/p>\n","protected":false},"excerpt":{"rendered":"<p>Debido a las adversas condiciones clim\u00e1ticas de este domingo, la octava jornada del certamen organizado por la Liga de F\u00fatbol<\/p>\n","protected":false},"author":96739694,"featured_media":146672,"comment_status":"closed","ping_status":"closed","sticky":false,"template":"","format":"standard","meta":{"_jetpack_memberships_contains_paid_content":false,"footnotes":""},"categories":[35,1,41],"tags":[],"class_list":["post-146671","post","type-post","status-publish","format-standard","has-post-thumbnail","hentry","category-futbol","category-portada","category-primera-y-reserva"],"jetpack_featured_media_url":"https:\/\/i0.wp.com\/cdnoticias.com\/wp-content\/uploads\/2022\/03\/ferro-fortin-6.png?fit=1280%2C853&ssl=1","jetpack_sharing_enabled":true,"_links":{"self":[{"href":"https:\/\/cdnoticias.com\/index.php\/wp-json\/wp\/v2\/posts\/146671","targetHints":{"allow":["GET"]}}],"collection":[{"href":"https:\/\/cdnoticias.com\/index.php\/wp-json\/wp\/v2\/posts"}],"about":[{"href":"https:\/\/cdnoticias.com\/index.php\/wp-json\/wp\/v2\/types\/post"}],"author":[{"embeddable":true,"href":"https:\/\/cdnoticias.com\/index.php\/wp-json\/wp\/v2\/users\/96739694"}],"replies":[{"embeddable":true,"href":"https:\/\/cdnoticias.com\/index.php\/wp-json\/wp\/v2\/comments?post=146671"}],"version-history":[{"count":0,"href":"https:\/\/cdnoticias.com\/index.php\/wp-json\/wp\/v2\/posts\/146671\/revisions"}],"wp:featuredmedia":[{"embeddable":true,"href":"https:\/\/cdnoticias.com\/index.php\/wp-json\/wp\/v2\/media\/146672"}],"wp:attachment":[{"href":"https:\/\/cdnoticias.com\/index.php\/wp-json\/wp\/v2\/media?parent=146671"}],"wp:term":[{"taxonomy":"category","embeddable":true,"href":"https:\/\/cdnoticias.com\/index.php\/wp-json\/wp\/v2\/categories?post=146671"},{"taxonomy":"post_tag","embeddable":true,"href":"https:\/\/cdnoticias.com\/index.php\/wp-json\/wp\/v2\/tags?post=146671"}],"curies":[{"name":"wp","href":"https:\/\/api.w.org\/{rel}","templated":true}]}}