{"id":146638,"date":"2022-03-06T23:43:57","date_gmt":"2022-03-07T02:43:57","guid":{"rendered":"http:\/\/centraldeportes.com.ar\/?p=12533"},"modified":"2022-03-06T23:43:57","modified_gmt":"2022-03-07T02:43:57","slug":"alejandro-weimann-complicado-llego-26-en-la-final","status":"publish","type":"post","link":"https:\/\/cdnoticias.com\/index.php\/2022\/03\/06\/alejandro-weimann-complicado-llego-26-en-la-final\/","title":{"rendered":"Alejandro Weimann complicado, lleg\u00f3 26\u00b0 en la final"},"content":{"rendered":"<p>El TC Pista disput\u00f3 la segunda fecha del a\u00f1o en el aut\u00f3dromo Centenario en la provincia de Neuqu\u00e9n. Otto Fritzler se qued\u00f3 con el triunfo.<!--more--><\/p>\n<hr \/>\n<p>&#8220;<em>Final complicada llegamos en el puesto 26\u00b0, pusimos la goma nueva a la hora de clasificar y no pudimos plasmar el gran auto que ten\u00edamos<\/em>&#8220;, as\u00ed comenz\u00f3 el an\u00e1lisis &#8220;Bebo&#8221; Weimann de lo que fue su fin de semana en Neuqu\u00e9n.<\/p>\n<p>&nbsp;<\/p>\n<p>Claramente la mala clasificaci\u00f3n del s\u00e1bado (27\u00b0) lo releg\u00f3 y en una categor\u00eda muy pareja fue determinante para lo que rest\u00f3 el domingo.<\/p>\n<p>&nbsp;<\/p>\n<p>El puesto 15\u00b0 de la serie matutina lo releg\u00f3 al puesto 30\u00b0 de la grilla de partida de la final y sin avanzar demasiado termin\u00f3 viendo la bandera a cuadros en el 26\u00b0 lugar.<\/p>\n<p>&nbsp;<\/p>\n<p>&#8220;<em>La goma nos complic\u00f3 el resto del fin de semana, vamos a trabajar mucho para la pr\u00f3xima fecha y a tratar de redondear un buen fin de semana<\/em>&#8220;, cerr\u00f3 Weimann.<\/p>\n<p>&nbsp;<\/p>\n<p>La victoria fue para Otto Frtzler, seguido de Agust\u00edn Mart\u00ednez y Mario Valle completando el podio. Santiago \u00c1lvarez y Elio Craparo completaron los cinco de punta.<\/p>\n","protected":false},"excerpt":{"rendered":"<p>El TC Pista disput\u00f3 la segunda fecha del a\u00f1o en el aut\u00f3dromo Centenario en la provincia de Neuqu\u00e9n. Otto Fritzler<\/p>\n","protected":false},"author":96739694,"featured_media":146639,"comment_status":"closed","ping_status":"closed","sticky":false,"template":"","format":"standard","meta":{"_jetpack_memberships_contains_paid_content":false,"footnotes":""},"categories":[34,1,48],"tags":[],"class_list":["post-146638","post","type-post","status-publish","format-standard","has-post-thumbnail","hentry","category-automovilismo","category-portada","category-tc-pista"],"jetpack_featured_media_url":"https:\/\/i0.wp.com\/cdnoticias.com\/wp-content\/uploads\/2022\/02\/weinmann.png?fit=800%2C445&ssl=1","jetpack_sharing_enabled":true,"_links":{"self":[{"href":"https:\/\/cdnoticias.com\/index.php\/wp-json\/wp\/v2\/posts\/146638","targetHints":{"allow":["GET"]}}],"collection":[{"href":"https:\/\/cdnoticias.com\/index.php\/wp-json\/wp\/v2\/posts"}],"about":[{"href":"https:\/\/cdnoticias.com\/index.php\/wp-json\/wp\/v2\/types\/post"}],"author":[{"embeddable":true,"href":"https:\/\/cdnoticias.com\/index.php\/wp-json\/wp\/v2\/users\/96739694"}],"replies":[{"embeddable":true,"href":"https:\/\/cdnoticias.com\/index.php\/wp-json\/wp\/v2\/comments?post=146638"}],"version-history":[{"count":0,"href":"https:\/\/cdnoticias.com\/index.php\/wp-json\/wp\/v2\/posts\/146638\/revisions"}],"wp:featuredmedia":[{"embeddable":true,"href":"https:\/\/cdnoticias.com\/index.php\/wp-json\/wp\/v2\/media\/146639"}],"wp:attachment":[{"href":"https:\/\/cdnoticias.com\/index.php\/wp-json\/wp\/v2\/media?parent=146638"}],"wp:term":[{"taxonomy":"category","embeddable":true,"href":"https:\/\/cdnoticias.com\/index.php\/wp-json\/wp\/v2\/categories?post=146638"},{"taxonomy":"post_tag","embeddable":true,"href":"https:\/\/cdnoticias.com\/index.php\/wp-json\/wp\/v2\/tags?post=146638"}],"curies":[{"name":"wp","href":"https:\/\/api.w.org\/{rel}","templated":true}]}}