{"id":146628,"date":"2022-04-08T19:23:52","date_gmt":"2022-04-08T22:23:52","guid":{"rendered":"http:\/\/centraldeportes.com.ar\/?p=14212"},"modified":"2022-04-08T19:23:52","modified_gmt":"2022-04-08T22:23:52","slug":"nicolas-pezzucchi-vuelve-a-las-tc-pick-up-con-nueva-nissan","status":"publish","type":"post","link":"https:\/\/cdnoticias.com\/index.php\/2022\/04\/08\/nicolas-pezzucchi-vuelve-a-las-tc-pick-up-con-nueva-nissan\/","title":{"rendered":"Nicol\u00e1s Pezzucchi vuelve a las TC Pick Up con nueva Nissan"},"content":{"rendered":"<p>Finalmente culminaron los trabajos en la nueva camioneta y el olavarriense estar\u00e1 este fin de semana en La Plata, en la segunda fecha de la categor\u00eda.<!--more--><\/p>\n<hr \/>\n<p>Nicol\u00e1s Pezzucchi continuar\u00e1 con Nissan, tras la construcci\u00f3n de una nueva camioneta que utiliz\u00f3 como base la vieja carrocer\u00eda de la pick up que utiliz\u00f3 en la pasada temporada.<\/p>\n<p>&nbsp;<\/p>\n<p>El olavarriense decidi\u00f3 que el equipo Giavedoni Sport est\u00e9 cargo de la atenci\u00f3n de la camioneta, y ya no en Olavarr\u00eda, donde su padre, Sergio Pezzucchi, estuvo a cargo del trabajo durante la pasada temporada. La camioneta termin\u00f3 de alistarse en el taller de Giavedoni, en Mor\u00f3n, y continuar\u00e1 con los motores de Fabi\u00e1n Giustozzi.<\/p>\n<p>&nbsp;<\/p>\n\n<p>&nbsp;<\/p>\n<p>Nico lucir\u00e1 nuevos colores, con predominio del amarillo y negro, y lucir\u00e1 el 6 en los laterales para este regreso que tambi\u00e9n contara con la presencia de Cristian Di Scala y Mart\u00edn V\u00e1zquez, ausentes tambi\u00e9n la primera fecha.<\/p>\n<p>&nbsp;<\/p>\n<p>Se producir\u00e1 tambi\u00e9n el debut de Tomas Abdala, Ayrton Londero, Rudi Bundziak y Leonel Larrauri para alcanzar un nuevo r\u00e9cord de inscriptos, alcanzando los 40 protagonistas.<\/p>\n<p>&nbsp;<\/p>\n<p>La actividad en pista comenzar\u00e1 este s\u00e1bado con entrenamientos y desde las 16:30 la clasificaci\u00f3n que ordenar\u00e1 la grilla de partida para la final del domingo a partir de las 13:50.<\/p>\n","protected":false},"excerpt":{"rendered":"<p>Finalmente culminaron los trabajos en la nueva camioneta y el olavarriense estar\u00e1 este fin de semana en La Plata, en<\/p>\n","protected":false},"author":96739694,"featured_media":146630,"comment_status":"closed","ping_status":"closed","sticky":false,"template":"","format":"standard","meta":{"_jetpack_memberships_contains_paid_content":false,"footnotes":""},"categories":[34,1,39],"tags":[],"class_list":["post-146628","post","type-post","status-publish","format-standard","has-post-thumbnail","hentry","category-automovilismo","category-portada","category-tc-pick-up"],"jetpack_featured_media_url":"https:\/\/i0.wp.com\/cdnoticias.com\/wp-content\/uploads\/2022\/04\/WhatsApp-Image-2022-04-08-at-6.35.23-PM.jpeg?fit=1080%2C902&ssl=1","jetpack_sharing_enabled":true,"_links":{"self":[{"href":"https:\/\/cdnoticias.com\/index.php\/wp-json\/wp\/v2\/posts\/146628","targetHints":{"allow":["GET"]}}],"collection":[{"href":"https:\/\/cdnoticias.com\/index.php\/wp-json\/wp\/v2\/posts"}],"about":[{"href":"https:\/\/cdnoticias.com\/index.php\/wp-json\/wp\/v2\/types\/post"}],"author":[{"embeddable":true,"href":"https:\/\/cdnoticias.com\/index.php\/wp-json\/wp\/v2\/users\/96739694"}],"replies":[{"embeddable":true,"href":"https:\/\/cdnoticias.com\/index.php\/wp-json\/wp\/v2\/comments?post=146628"}],"version-history":[{"count":0,"href":"https:\/\/cdnoticias.com\/index.php\/wp-json\/wp\/v2\/posts\/146628\/revisions"}],"wp:featuredmedia":[{"embeddable":true,"href":"https:\/\/cdnoticias.com\/index.php\/wp-json\/wp\/v2\/media\/146630"}],"wp:attachment":[{"href":"https:\/\/cdnoticias.com\/index.php\/wp-json\/wp\/v2\/media?parent=146628"}],"wp:term":[{"taxonomy":"category","embeddable":true,"href":"https:\/\/cdnoticias.com\/index.php\/wp-json\/wp\/v2\/categories?post=146628"},{"taxonomy":"post_tag","embeddable":true,"href":"https:\/\/cdnoticias.com\/index.php\/wp-json\/wp\/v2\/tags?post=146628"}],"curies":[{"name":"wp","href":"https:\/\/api.w.org\/{rel}","templated":true}]}}