{"id":146558,"date":"2022-04-08T00:28:05","date_gmt":"2022-04-08T03:28:05","guid":{"rendered":"http:\/\/centraldeportes.com.ar\/?p=14164"},"modified":"2022-04-08T00:28:05","modified_gmt":"2022-04-08T03:28:05","slug":"jugaron-por-el-torneo-apertura-de-inferiores","status":"publish","type":"post","link":"https:\/\/cdnoticias.com\/index.php\/2022\/04\/08\/jugaron-por-el-torneo-apertura-de-inferiores\/","title":{"rendered":"Jugaron por el Torneo Apertura de Inferiores"},"content":{"rendered":"<p>Este jueves inici\u00f3 la segunda fecha del Torneo Apertura de Inferiores organizado por la Liga de F\u00fatbol de Olavarr\u00eda.<!--more--><\/p>\n<hr \/>\n<p>En el Tete Di Carlo, Embajadores recibi\u00f3 a Estudiantes en dos categor\u00edas y repartieron\u00a0 triunfos.<\/p>\n<p>&nbsp;<\/p>\n<p>Los resultados:<\/p>\n<p>&nbsp;<\/p>\n<p>En D\u00e9cima:<\/p>\n<p>Embajadores 0 &#8211; 1 Estudiantes<\/p>\n<p>En Quinta:<\/p>\n<p>Embajadores 3 &#8211; 0 Estudiantes<\/p>\n<p>&nbsp;<\/p>\n<p>La segunda fecha se completar\u00e1 el pr\u00f3ximo s\u00e1bado.<\/p>\n","protected":false},"excerpt":{"rendered":"<p>Este jueves inici\u00f3 la segunda fecha del Torneo Apertura de Inferiores organizado por la Liga de F\u00fatbol de Olavarr\u00eda.<\/p>\n","protected":false},"author":96739694,"featured_media":146559,"comment_status":"closed","ping_status":"closed","sticky":false,"template":"","format":"standard","meta":{"_jetpack_memberships_contains_paid_content":false,"footnotes":""},"categories":[35,40,1],"tags":[],"class_list":["post-146558","post","type-post","status-publish","format-standard","has-post-thumbnail","hentry","category-futbol","category-inferiores","category-portada"],"jetpack_featured_media_url":"https:\/\/i0.wp.com\/cdnoticias.com\/wp-content\/uploads\/2022\/04\/WhatsApp-Image-2022-04-07-at-9.55.05-PM.jpeg?fit=1280%2C847&ssl=1","jetpack_sharing_enabled":true,"_links":{"self":[{"href":"https:\/\/cdnoticias.com\/index.php\/wp-json\/wp\/v2\/posts\/146558","targetHints":{"allow":["GET"]}}],"collection":[{"href":"https:\/\/cdnoticias.com\/index.php\/wp-json\/wp\/v2\/posts"}],"about":[{"href":"https:\/\/cdnoticias.com\/index.php\/wp-json\/wp\/v2\/types\/post"}],"author":[{"embeddable":true,"href":"https:\/\/cdnoticias.com\/index.php\/wp-json\/wp\/v2\/users\/96739694"}],"replies":[{"embeddable":true,"href":"https:\/\/cdnoticias.com\/index.php\/wp-json\/wp\/v2\/comments?post=146558"}],"version-history":[{"count":0,"href":"https:\/\/cdnoticias.com\/index.php\/wp-json\/wp\/v2\/posts\/146558\/revisions"}],"wp:featuredmedia":[{"embeddable":true,"href":"https:\/\/cdnoticias.com\/index.php\/wp-json\/wp\/v2\/media\/146559"}],"wp:attachment":[{"href":"https:\/\/cdnoticias.com\/index.php\/wp-json\/wp\/v2\/media?parent=146558"}],"wp:term":[{"taxonomy":"category","embeddable":true,"href":"https:\/\/cdnoticias.com\/index.php\/wp-json\/wp\/v2\/categories?post=146558"},{"taxonomy":"post_tag","embeddable":true,"href":"https:\/\/cdnoticias.com\/index.php\/wp-json\/wp\/v2\/tags?post=146558"}],"curies":[{"name":"wp","href":"https:\/\/api.w.org\/{rel}","templated":true}]}}