{"id":146554,"date":"2022-04-08T00:30:29","date_gmt":"2022-04-08T03:30:29","guid":{"rendered":"http:\/\/centraldeportes.com.ar\/?p=14169"},"modified":"2022-04-08T00:30:29","modified_gmt":"2022-04-08T03:30:29","slug":"lucas-janson-marco-en-la-copa-libertadores-pero-fue-derrota","status":"publish","type":"post","link":"https:\/\/cdnoticias.com\/index.php\/2022\/04\/08\/lucas-janson-marco-en-la-copa-libertadores-pero-fue-derrota\/","title":{"rendered":"Lucas Janson marc\u00f3 en la Copa Libertadores, pero fue derrota"},"content":{"rendered":"<p>Inici\u00f3 la participaci\u00f3n de V\u00e9lez Sarsfield en la Copa Libertadores y fue con derrota en el estadio Uno de La Plata ante Estudiantes por 4 a 1. El gol de Lucas Janson no fue suficiente.<!--more--><\/p>\n<hr \/>\n<p>El olavarriense que fue titular en el equipo de Liniers y de cabeza, a instancias del l\u00ednea, termin\u00f3 festejando cuando iban 35\u00b4 minutos de la primera parte y signific\u00f3 la igualdad transitoria.<\/p>\n<p>&nbsp;<\/p>\n<p>Emmanuel M\u00e1s a los 5\u00b4, Agust\u00edn Rogel a los 42\u00b4, Gustavo Del Prete a los 53\u00b4 y Franco Zapiola a los 88\u00b4 marcaron para el ganador.<\/p>\n","protected":false},"excerpt":{"rendered":"<p>Inici\u00f3 la participaci\u00f3n de V\u00e9lez Sarsfield en la Copa Libertadores y fue con derrota en el estadio Uno de La<\/p>\n","protected":false},"author":96739694,"featured_media":146555,"comment_status":"closed","ping_status":"closed","sticky":false,"template":"","format":"standard","meta":{"_jetpack_memberships_contains_paid_content":false,"footnotes":""},"categories":[35,37,1],"tags":[],"class_list":["post-146554","post","type-post","status-publish","format-standard","has-post-thumbnail","hentry","category-futbol","category-futbol-profesional","category-portada"],"jetpack_featured_media_url":"https:\/\/i0.wp.com\/cdnoticias.com\/wp-content\/uploads\/2022\/04\/04-07_dos_20.jpg?fit=1256%2C837&ssl=1","jetpack_sharing_enabled":true,"_links":{"self":[{"href":"https:\/\/cdnoticias.com\/index.php\/wp-json\/wp\/v2\/posts\/146554","targetHints":{"allow":["GET"]}}],"collection":[{"href":"https:\/\/cdnoticias.com\/index.php\/wp-json\/wp\/v2\/posts"}],"about":[{"href":"https:\/\/cdnoticias.com\/index.php\/wp-json\/wp\/v2\/types\/post"}],"author":[{"embeddable":true,"href":"https:\/\/cdnoticias.com\/index.php\/wp-json\/wp\/v2\/users\/96739694"}],"replies":[{"embeddable":true,"href":"https:\/\/cdnoticias.com\/index.php\/wp-json\/wp\/v2\/comments?post=146554"}],"version-history":[{"count":0,"href":"https:\/\/cdnoticias.com\/index.php\/wp-json\/wp\/v2\/posts\/146554\/revisions"}],"wp:featuredmedia":[{"embeddable":true,"href":"https:\/\/cdnoticias.com\/index.php\/wp-json\/wp\/v2\/media\/146555"}],"wp:attachment":[{"href":"https:\/\/cdnoticias.com\/index.php\/wp-json\/wp\/v2\/media?parent=146554"}],"wp:term":[{"taxonomy":"category","embeddable":true,"href":"https:\/\/cdnoticias.com\/index.php\/wp-json\/wp\/v2\/categories?post=146554"},{"taxonomy":"post_tag","embeddable":true,"href":"https:\/\/cdnoticias.com\/index.php\/wp-json\/wp\/v2\/tags?post=146554"}],"curies":[{"name":"wp","href":"https:\/\/api.w.org\/{rel}","templated":true}]}}