{"id":146534,"date":"2022-04-08T17:12:11","date_gmt":"2022-04-08T20:12:11","guid":{"rendered":"http:\/\/centraldeportes.com.ar\/?p=14202"},"modified":"2022-04-08T17:12:11","modified_gmt":"2022-04-08T20:12:11","slug":"chingotto-y-tello-se-despidieron-de-alicante-en-cuartos","status":"publish","type":"post","link":"https:\/\/cdnoticias.com\/index.php\/2022\/04\/08\/chingotto-y-tello-se-despidieron-de-alicante-en-cuartos\/","title":{"rendered":"Chingotto y Tello se despidieron de Alicante en Cuartos"},"content":{"rendered":"<p>Federico Chingotto y Juan Tello volvieron a presentarse en el Centro de Tecnificaci\u00f3n y fue derrota en el Open de Alicante ante Francisco Navarro y Mart\u00edn Di Nenno.<!--more--><\/p>\n<hr \/>\n<p>Chingotto y Tello cayeron ante Navarro y Di Nenno por 6\/4 2\/6 4\/6 en el \u00faltimo partido de los Cuartos de Final de la competencia organizada por el World P\u00e1del Tour.<\/p>\n<p>&nbsp;<\/p>\n<p>La pr\u00f3xima presentaci\u00f3n del olavarriense y el cordob\u00e9s dentro del circuito del World P\u00e1del Tour ser\u00e1 en Bruselas desde el 2 de mayo.<\/p>\n","protected":false},"excerpt":{"rendered":"<p>Federico Chingotto y Juan Tello volvieron a presentarse en el Centro de Tecnificaci\u00f3n y fue derrota en el Open de<\/p>\n","protected":false},"author":96739694,"featured_media":146535,"comment_status":"closed","ping_status":"closed","sticky":false,"template":"","format":"standard","meta":{"_xspeed_no_cache":false,"_xspeed_expiry_hours":0,"_jetpack_memberships_contains_paid_content":false,"footnotes":""},"categories":[30,1],"tags":[],"class_list":["post-146534","post","type-post","status-publish","format-standard","has-post-thumbnail","hentry","category-polideportivo","category-portada"],"jetpack_featured_media_url":"https:\/\/i0.wp.com\/cdnoticias.com\/wp-content\/uploads\/2022\/04\/WhatsApp-Image-2022-04-08-at-2.14.42-PM.jpeg?fit=1280%2C718&ssl=1","jetpack_sharing_enabled":true,"_links":{"self":[{"href":"https:\/\/cdnoticias.com\/index.php\/wp-json\/wp\/v2\/posts\/146534","targetHints":{"allow":["GET"]}}],"collection":[{"href":"https:\/\/cdnoticias.com\/index.php\/wp-json\/wp\/v2\/posts"}],"about":[{"href":"https:\/\/cdnoticias.com\/index.php\/wp-json\/wp\/v2\/types\/post"}],"author":[{"embeddable":true,"href":"https:\/\/cdnoticias.com\/index.php\/wp-json\/wp\/v2\/users\/96739694"}],"replies":[{"embeddable":true,"href":"https:\/\/cdnoticias.com\/index.php\/wp-json\/wp\/v2\/comments?post=146534"}],"version-history":[{"count":0,"href":"https:\/\/cdnoticias.com\/index.php\/wp-json\/wp\/v2\/posts\/146534\/revisions"}],"wp:featuredmedia":[{"embeddable":true,"href":"https:\/\/cdnoticias.com\/index.php\/wp-json\/wp\/v2\/media\/146535"}],"wp:attachment":[{"href":"https:\/\/cdnoticias.com\/index.php\/wp-json\/wp\/v2\/media?parent=146534"}],"wp:term":[{"taxonomy":"category","embeddable":true,"href":"https:\/\/cdnoticias.com\/index.php\/wp-json\/wp\/v2\/categories?post=146534"},{"taxonomy":"post_tag","embeddable":true,"href":"https:\/\/cdnoticias.com\/index.php\/wp-json\/wp\/v2\/tags?post=146534"}],"curies":[{"name":"wp","href":"https:\/\/api.w.org\/{rel}","templated":true}]}}