{"id":146530,"date":"2022-04-08T17:38:07","date_gmt":"2022-04-08T20:38:07","guid":{"rendered":"http:\/\/centraldeportes.com.ar\/?p=14205"},"modified":"2022-04-08T17:38:07","modified_gmt":"2022-04-08T20:38:07","slug":"el-fortin-festejo-en-el-campeonato-regional","status":"publish","type":"post","link":"https:\/\/cdnoticias.com\/index.php\/2022\/04\/08\/el-fortin-festejo-en-el-campeonato-regional\/","title":{"rendered":"El Fort\u00edn festej\u00f3 en el Campeonato Regional"},"content":{"rendered":"<p>El pasado domingo una importante delegaci\u00f3n del Club El Fort\u00edn compiti\u00f3 en la segunda fecha Campeonato Regional organizado por la Asociaci\u00f3n Gaucha de Pat\u00edn y logr\u00f3 una destacad\u00edsima actuaci\u00f3n siendo campe\u00f3n en la categor\u00eda Escuela.<!--more--><\/p>\n<hr \/>\n<p>Los \u201cFortineros\u201dque se presentaron con 13 representantes lograron consagrarse campeones en Escuela y adem\u00e1s sumaron 2 medallas en la categor\u00eda Federados.<\/p>\n<p>&nbsp;<\/p>\n<p>En Categor\u00eda Escuela estuvieron: Valentina Gyarmatti en &#8220;menores de 7 a\u00f1os damas&#8221; en las distancia de 100 y 150mts, Bautista Gyarmatti en &#8220;promocional varones&#8221; en 150 y 300mts, Angelina Rakoczi, Violetta Bustamante y Amelie Chamberlain en &#8220;6ta damas&#8221; en 200 y 400mts, Milo Lihuen Casta\u00f1ares en &#8220;6ta varones&#8221; en 200 y 400mts, Lucila Rakoczi en &#8220;5ta damas&#8221; en 250 y 500mts, Iara y Mirari Bourguez N\u00fa\u00f1ez en &#8220;4ta damas&#8221; en 300 y 600mts, Cinthia Jimena Rivas y Sabrina Rivarola en &#8220;mayores damas&#8221; en 400 y 1500mts, completando as\u00ed el plantel de esta categor\u00eda. Todos ellos tuvieron un destacado desempe\u00f1o individual, con 10 de ellos gan\u00e1ndose su lugar en las finales.<\/p>\n<p>&nbsp;<\/p>\n<p>En Categor\u00eda Intermedia, Lourdes Leal estuvo disputando los 200 y 1000 mts en Quinta Damas y se subi\u00f3 al podio logrando medalla de oro.<\/p>\n<p>&nbsp;<\/p>\n<p>Adem\u00e1s, en la categor\u00eda m\u00e1s alta de Federados, hizo su debut con la camiseta de El Fort\u00edn Florencia Barreto en la distancia de 200 y 800 metros y tambi\u00e9n logr\u00f3 la mejor posici\u00f3n en el podio.<\/p>\n<p>&nbsp;<\/p>\n<p>Los deportistas de Pat\u00edn Carrera de El Fort\u00edn estuvieron acompa\u00f1ado por la familia, el Delegado Nicol\u00e1s Leal y Natalia Istillarte como entrenadora.<\/p>\n<p>&nbsp;<\/p>\n","protected":false},"excerpt":{"rendered":"<p>El pasado domingo una importante delegaci\u00f3n del Club El Fort\u00edn compiti\u00f3 en la segunda fecha Campeonato Regional organizado por la<\/p>\n","protected":false},"author":96739694,"featured_media":146531,"comment_status":"closed","ping_status":"closed","sticky":false,"template":"","format":"standard","meta":{"_jetpack_memberships_contains_paid_content":false,"footnotes":""},"categories":[30,1],"tags":[],"class_list":["post-146530","post","type-post","status-publish","format-standard","has-post-thumbnail","hentry","category-polideportivo","category-portada"],"jetpack_featured_media_url":"https:\/\/i0.wp.com\/cdnoticias.com\/wp-content\/uploads\/2022\/04\/WhatsApp-Image-2022-04-05-at-11.47.00-AM.jpeg?fit=1600%2C1200&ssl=1","jetpack_sharing_enabled":true,"_links":{"self":[{"href":"https:\/\/cdnoticias.com\/index.php\/wp-json\/wp\/v2\/posts\/146530","targetHints":{"allow":["GET"]}}],"collection":[{"href":"https:\/\/cdnoticias.com\/index.php\/wp-json\/wp\/v2\/posts"}],"about":[{"href":"https:\/\/cdnoticias.com\/index.php\/wp-json\/wp\/v2\/types\/post"}],"author":[{"embeddable":true,"href":"https:\/\/cdnoticias.com\/index.php\/wp-json\/wp\/v2\/users\/96739694"}],"replies":[{"embeddable":true,"href":"https:\/\/cdnoticias.com\/index.php\/wp-json\/wp\/v2\/comments?post=146530"}],"version-history":[{"count":0,"href":"https:\/\/cdnoticias.com\/index.php\/wp-json\/wp\/v2\/posts\/146530\/revisions"}],"wp:featuredmedia":[{"embeddable":true,"href":"https:\/\/cdnoticias.com\/index.php\/wp-json\/wp\/v2\/media\/146531"}],"wp:attachment":[{"href":"https:\/\/cdnoticias.com\/index.php\/wp-json\/wp\/v2\/media?parent=146530"}],"wp:term":[{"taxonomy":"category","embeddable":true,"href":"https:\/\/cdnoticias.com\/index.php\/wp-json\/wp\/v2\/categories?post=146530"},{"taxonomy":"post_tag","embeddable":true,"href":"https:\/\/cdnoticias.com\/index.php\/wp-json\/wp\/v2\/tags?post=146530"}],"curies":[{"name":"wp","href":"https:\/\/api.w.org\/{rel}","templated":true}]}}