{"id":14648,"date":"2021-02-24T19:14:20","date_gmt":"2021-02-24T22:14:20","guid":{"rendered":"http:\/\/www.centraldenoticias.com.ar\/?p=14648"},"modified":"2021-02-24T20:43:54","modified_gmt":"2021-02-24T23:43:54","slug":"la-investigacion-por-trata-de-personas-en-la-madrid-paso-a-la-justicia-federal","status":"publish","type":"post","link":"https:\/\/cdnoticias.com\/index.php\/2021\/02\/24\/la-investigacion-por-trata-de-personas-en-la-madrid-paso-a-la-justicia-federal\/","title":{"rendered":"La investigaci\u00f3n por Trata de Personas en La Madrid pas\u00f3 a la Justicia Federal"},"content":{"rendered":"<p>Fuentes consultadas por <em><strong>Central de Noticias<\/strong><\/em> confirmaron que prosper\u00f3 el planteo sobre el cambio de competencia y ahora todo se investiga en Azul.<!--more--><\/p>\n<hr \/>\n<p>A fines del a\u00f1o pasado<strong> una denuncia por presunta trata de personas en la ciudad de General La Madrid gener\u00f3 suma repercusi\u00f3n en toda la regi\u00f3n<\/strong>. Tal es as\u00ed que las r\u00e9plicas llegaron a nuestra ciudad, ya que las actuaciones tuvieron en su momento como fiscal titular a un funcionario olavarriense. Ahora, seg\u00fan fue confiado a este portal, todo sumar\u00e1 un\u00a0 nuevo cap\u00edtulo pero con base en la ciudad de Azul.<\/p>\n<p>&nbsp;<\/p>\n<p>La situaci\u00f3n se remonta al \u00faltimo trimestre del 2020, cuando trascendi\u00f3 la investigaci\u00f3n sobre <strong>una mujer que habr\u00eda llegado a nuestro pa\u00eds enga\u00f1ada desde Paraguay<\/strong>, m\u00e1s precisamente de la ciudad de Asunci\u00f3n. Seg\u00fan se conoci\u00f3 por aquel entonces, <strong>una presunta oferta laboral fue la manera en la que la v\u00edctima fue captada y tra\u00edda a la Argentina.<\/strong><\/p>\n<p>&nbsp;<\/p>\n<blockquote><p>El delito de Trata de Personas contempla penas de hasta 15 a\u00f1os de prisi\u00f3n o reclusi\u00f3n<\/p><\/blockquote>\n<p>&nbsp;<\/p>\n<p>Todo se manej\u00f3 con sumo hermetismo y apenas se tuvo alguna novedad a partir de operativos y medidas de pruebas, <a href=\"https:\/\/cdnoticias.com\/index.php\/2020\/11\/05\/agentes-locales-colaboran-en-una-causa-por-presunta-trata-de-personas-en-la-madrid\/\" target=\"_blank\" rel=\"noopener\">algunas de las cuales contaron con la participaci\u00f3n activa de personal de la Unidad Operativa de la polic\u00eda Federal de nuestra ciudad<\/a>. Esas tareas y la <strong>investigaci\u00f3n en s\u00ed se vieron encabezada por el doctor Guillermo Casenave<\/strong>, responsable de la ayudant\u00eda fiscal lamatritense que, como se refiri\u00f3 previamente, se encuentra bajo la \u00f3rbita de la UFI 7 de nuestra ciudad, que tiene como titular al doctor Christian Url\u00e9zaga.<\/p>\n<p>&nbsp;<\/p>\n<p>Semanas atr\u00e1s fue el funcionario judicial olavarriense quien elev\u00f3<a href=\"https:\/\/cdnoticias.com\/index.php\/2021\/01\/03\/pidieron-que-la-causa-por-presunta-trata-de-personas-en-la-madrid-pase-a-la-justicia-federal\/\" target=\"_blank\" rel=\"noopener\"> un planteo de \u201cincompetencia\u201d para que las actuaciones pasaran a la \u00f3rbita de la Justicia Federal<\/a>, al haberse<strong> acreditado efectivamente que se estaba ante un caso de Trata de Personas<\/strong>, delito que excede la competencia de la justicia ordinaria provincial. Ahora, tal cual se confi\u00f3 a este portal, la novedad est\u00e1 dada en la requisitoria prosper\u00f3 y en los \u00faltimos d\u00edas<strong> la causa abandon\u00f3 la ciudad de La Madrid y ya fue remitida a Azul para la continuidad de su investigaci\u00f3n por parte de funcionarios del fuero Federal.<\/strong><\/p>\n<p>&nbsp;<\/p>\n","protected":false},"excerpt":{"rendered":"<p>Fuentes consultadas por Central de Noticias confirmaron que prosper\u00f3 el planteo sobre el cambio de competencia y ahora todo se<\/p>\n","protected":false},"author":3,"featured_media":5772,"comment_status":"closed","ping_status":"closed","sticky":false,"template":"","format":"standard","meta":{"_jetpack_memberships_contains_paid_content":false,"footnotes":""},"categories":[14],"tags":[],"class_list":["post-14648","post","type-post","status-publish","format-standard","has-post-thumbnail","hentry","category-policiales"],"jetpack_featured_media_url":"https:\/\/i0.wp.com\/cdnoticias.com\/wp-content\/uploads\/2020\/11\/WhatsApp-Image-2020-11-05-at-7.02.52-PM-e1604616763171.jpeg?fit=1137%2C673&ssl=1","jetpack_sharing_enabled":true,"_links":{"self":[{"href":"https:\/\/cdnoticias.com\/index.php\/wp-json\/wp\/v2\/posts\/14648","targetHints":{"allow":["GET"]}}],"collection":[{"href":"https:\/\/cdnoticias.com\/index.php\/wp-json\/wp\/v2\/posts"}],"about":[{"href":"https:\/\/cdnoticias.com\/index.php\/wp-json\/wp\/v2\/types\/post"}],"author":[{"embeddable":true,"href":"https:\/\/cdnoticias.com\/index.php\/wp-json\/wp\/v2\/users\/3"}],"replies":[{"embeddable":true,"href":"https:\/\/cdnoticias.com\/index.php\/wp-json\/wp\/v2\/comments?post=14648"}],"version-history":[{"count":0,"href":"https:\/\/cdnoticias.com\/index.php\/wp-json\/wp\/v2\/posts\/14648\/revisions"}],"wp:featuredmedia":[{"embeddable":true,"href":"https:\/\/cdnoticias.com\/index.php\/wp-json\/wp\/v2\/media\/5772"}],"wp:attachment":[{"href":"https:\/\/cdnoticias.com\/index.php\/wp-json\/wp\/v2\/media?parent=14648"}],"wp:term":[{"taxonomy":"category","embeddable":true,"href":"https:\/\/cdnoticias.com\/index.php\/wp-json\/wp\/v2\/categories?post=14648"},{"taxonomy":"post_tag","embeddable":true,"href":"https:\/\/cdnoticias.com\/index.php\/wp-json\/wp\/v2\/tags?post=14648"}],"curies":[{"name":"wp","href":"https:\/\/api.w.org\/{rel}","templated":true}]}}