{"id":146453,"date":"2025-02-02T08:53:48","date_gmt":"2025-02-02T11:53:48","guid":{"rendered":"https:\/\/cdnoticias.com\/?p=146453"},"modified":"2025-02-02T10:39:48","modified_gmt":"2025-02-02T13:39:48","slug":"olavarria-tuvo-una-masiva-marcha-del-orgullo-lgbt-antifascista-y-antirracista","status":"publish","type":"post","link":"https:\/\/cdnoticias.com\/index.php\/2025\/02\/02\/olavarria-tuvo-una-masiva-marcha-del-orgullo-lgbt-antifascista-y-antirracista\/","title":{"rendered":"Olavarr\u00eda tuvo una masiva Marcha del Orgullo LGBT+ antifascista y antirracista"},"content":{"rendered":"\n<p>La movilizaci\u00f3n recorri\u00f3 la zona c\u00e9ntrica en repudio a los dichos del Presidente Milei en Davos.<\/p>\n\n\n\n<hr class=\"wp-block-separator has-alpha-channel-opacity\"\/>\n\n\n\n<p>Este s\u00e1bado por la tarde, Olavarr\u00eda se sum\u00f3 a las distintas movilizaciones que se concretaron en diferentes puntos del pa\u00eds <strong>en rechazo al discurso pronunciado por el presidente Javier Milei en el Foro Econ\u00f3mico de Davos.<\/strong><\/p>\n\n\n\n<p><\/p>\n\n\n\n<div class=\"wp-block-jetpack-slideshow aligncenter\" data-effect=\"slide\"><div class=\"wp-block-jetpack-slideshow_container swiper-container\"><ul class=\"wp-block-jetpack-slideshow_swiper-wrapper swiper-wrapper\"><li class=\"wp-block-jetpack-slideshow_slide swiper-slide\"><figure><img data-recalc-dims=\"1\" loading=\"lazy\" decoding=\"async\" width=\"800\" height=\"531\" alt=\"\" class=\"wp-block-jetpack-slideshow_image wp-image-144377\" data-id=\"144377\" src=\"https:\/\/i0.wp.com\/cdnoticias.com\/wp-content\/uploads\/2025\/02\/Marcha-Orgullo-Olavarria-antifascista-12.jpg?resize=800%2C531&#038;ssl=1\" srcset=\"https:\/\/i0.wp.com\/cdnoticias.com\/wp-content\/uploads\/2025\/02\/Marcha-Orgullo-Olavarria-antifascista-12.jpg?w=1024&amp;ssl=1 1024w, https:\/\/i0.wp.com\/cdnoticias.com\/wp-content\/uploads\/2025\/02\/Marcha-Orgullo-Olavarria-antifascista-12.jpg?resize=300%2C199&amp;ssl=1 300w, https:\/\/i0.wp.com\/cdnoticias.com\/wp-content\/uploads\/2025\/02\/Marcha-Orgullo-Olavarria-antifascista-12.jpg?resize=768%2C510&amp;ssl=1 768w, https:\/\/i0.wp.com\/cdnoticias.com\/wp-content\/uploads\/2025\/02\/Marcha-Orgullo-Olavarria-antifascista-12.jpg?resize=272%2C182&amp;ssl=1 272w\" sizes=\"(max-width: 800px) 100vw, 800px\" \/><\/figure><\/li><li class=\"wp-block-jetpack-slideshow_slide swiper-slide\"><figure><img data-recalc-dims=\"1\" loading=\"lazy\" decoding=\"async\" width=\"800\" height=\"531\" alt=\"\" class=\"wp-block-jetpack-slideshow_image wp-image-144386\" data-id=\"144386\" src=\"https:\/\/i0.wp.com\/cdnoticias.com\/wp-content\/uploads\/2025\/02\/Marcha-Orgullo-Olavarria-antifascista-21.jpg?resize=800%2C531&#038;ssl=1\" srcset=\"https:\/\/i0.wp.com\/cdnoticias.com\/wp-content\/uploads\/2025\/02\/Marcha-Orgullo-Olavarria-antifascista-21.jpg?w=1024&amp;ssl=1 1024w, https:\/\/i0.wp.com\/cdnoticias.com\/wp-content\/uploads\/2025\/02\/Marcha-Orgullo-Olavarria-antifascista-21.jpg?resize=300%2C199&amp;ssl=1 300w, https:\/\/i0.wp.com\/cdnoticias.com\/wp-content\/uploads\/2025\/02\/Marcha-Orgullo-Olavarria-antifascista-21.jpg?resize=768%2C510&amp;ssl=1 768w, https:\/\/i0.wp.com\/cdnoticias.com\/wp-content\/uploads\/2025\/02\/Marcha-Orgullo-Olavarria-antifascista-21.jpg?resize=272%2C182&amp;ssl=1 272w\" sizes=\"(max-width: 800px) 100vw, 800px\" \/><\/figure><\/li><li class=\"wp-block-jetpack-slideshow_slide swiper-slide\"><figure><img data-recalc-dims=\"1\" loading=\"lazy\" decoding=\"async\" width=\"800\" height=\"531\" alt=\"\" class=\"wp-block-jetpack-slideshow_image wp-image-144382\" data-id=\"144382\" src=\"https:\/\/i0.wp.com\/cdnoticias.com\/wp-content\/uploads\/2025\/02\/Marcha-Orgullo-Olavarria-antifascista-17.jpg?resize=800%2C531&#038;ssl=1\" srcset=\"https:\/\/i0.wp.com\/cdnoticias.com\/wp-content\/uploads\/2025\/02\/Marcha-Orgullo-Olavarria-antifascista-17.jpg?w=1024&amp;ssl=1 1024w, https:\/\/i0.wp.com\/cdnoticias.com\/wp-content\/uploads\/2025\/02\/Marcha-Orgullo-Olavarria-antifascista-17.jpg?resize=300%2C199&amp;ssl=1 300w, https:\/\/i0.wp.com\/cdnoticias.com\/wp-content\/uploads\/2025\/02\/Marcha-Orgullo-Olavarria-antifascista-17.jpg?resize=768%2C510&amp;ssl=1 768w, https:\/\/i0.wp.com\/cdnoticias.com\/wp-content\/uploads\/2025\/02\/Marcha-Orgullo-Olavarria-antifascista-17.jpg?resize=272%2C182&amp;ssl=1 272w\" sizes=\"(max-width: 800px) 100vw, 800px\" \/><\/figure><\/li><li class=\"wp-block-jetpack-slideshow_slide swiper-slide\"><figure><img data-recalc-dims=\"1\" loading=\"lazy\" decoding=\"async\" width=\"800\" height=\"531\" alt=\"\" class=\"wp-block-jetpack-slideshow_image wp-image-144393\" data-id=\"144393\" src=\"https:\/\/i0.wp.com\/cdnoticias.com\/wp-content\/uploads\/2025\/02\/Marcha-Orgullo-Olavarria-antifascista-28.jpg?resize=800%2C531&#038;ssl=1\" srcset=\"https:\/\/i0.wp.com\/cdnoticias.com\/wp-content\/uploads\/2025\/02\/Marcha-Orgullo-Olavarria-antifascista-28.jpg?w=1024&amp;ssl=1 1024w, https:\/\/i0.wp.com\/cdnoticias.com\/wp-content\/uploads\/2025\/02\/Marcha-Orgullo-Olavarria-antifascista-28.jpg?resize=300%2C199&amp;ssl=1 300w, https:\/\/i0.wp.com\/cdnoticias.com\/wp-content\/uploads\/2025\/02\/Marcha-Orgullo-Olavarria-antifascista-28.jpg?resize=768%2C510&amp;ssl=1 768w, https:\/\/i0.wp.com\/cdnoticias.com\/wp-content\/uploads\/2025\/02\/Marcha-Orgullo-Olavarria-antifascista-28.jpg?resize=272%2C182&amp;ssl=1 272w\" sizes=\"(max-width: 800px) 100vw, 800px\" \/><\/figure><\/li><li class=\"wp-block-jetpack-slideshow_slide swiper-slide\"><figure><img data-recalc-dims=\"1\" loading=\"lazy\" decoding=\"async\" width=\"800\" height=\"531\" alt=\"\" class=\"wp-block-jetpack-slideshow_image wp-image-144390\" data-id=\"144390\" src=\"https:\/\/i0.wp.com\/cdnoticias.com\/wp-content\/uploads\/2025\/02\/Marcha-Orgullo-Olavarria-antifascista-25.jpg?resize=800%2C531&#038;ssl=1\" srcset=\"https:\/\/i0.wp.com\/cdnoticias.com\/wp-content\/uploads\/2025\/02\/Marcha-Orgullo-Olavarria-antifascista-25.jpg?w=1024&amp;ssl=1 1024w, https:\/\/i0.wp.com\/cdnoticias.com\/wp-content\/uploads\/2025\/02\/Marcha-Orgullo-Olavarria-antifascista-25.jpg?resize=300%2C199&amp;ssl=1 300w, https:\/\/i0.wp.com\/cdnoticias.com\/wp-content\/uploads\/2025\/02\/Marcha-Orgullo-Olavarria-antifascista-25.jpg?resize=768%2C510&amp;ssl=1 768w, https:\/\/i0.wp.com\/cdnoticias.com\/wp-content\/uploads\/2025\/02\/Marcha-Orgullo-Olavarria-antifascista-25.jpg?resize=272%2C182&amp;ssl=1 272w\" sizes=\"(max-width: 800px) 100vw, 800px\" \/><\/figure><\/li><li class=\"wp-block-jetpack-slideshow_slide swiper-slide\"><figure><img data-recalc-dims=\"1\" loading=\"lazy\" decoding=\"async\" width=\"800\" height=\"531\" alt=\"\" class=\"wp-block-jetpack-slideshow_image wp-image-144391\" data-id=\"144391\" src=\"https:\/\/i0.wp.com\/cdnoticias.com\/wp-content\/uploads\/2025\/02\/Marcha-Orgullo-Olavarria-antifascista-26.jpg?resize=800%2C531&#038;ssl=1\" srcset=\"https:\/\/i0.wp.com\/cdnoticias.com\/wp-content\/uploads\/2025\/02\/Marcha-Orgullo-Olavarria-antifascista-26.jpg?w=1024&amp;ssl=1 1024w, https:\/\/i0.wp.com\/cdnoticias.com\/wp-content\/uploads\/2025\/02\/Marcha-Orgullo-Olavarria-antifascista-26.jpg?resize=300%2C199&amp;ssl=1 300w, https:\/\/i0.wp.com\/cdnoticias.com\/wp-content\/uploads\/2025\/02\/Marcha-Orgullo-Olavarria-antifascista-26.jpg?resize=768%2C510&amp;ssl=1 768w, https:\/\/i0.wp.com\/cdnoticias.com\/wp-content\/uploads\/2025\/02\/Marcha-Orgullo-Olavarria-antifascista-26.jpg?resize=272%2C182&amp;ssl=1 272w\" sizes=\"(max-width: 800px) 100vw, 800px\" \/><\/figure><\/li><li class=\"wp-block-jetpack-slideshow_slide swiper-slide\"><figure><img data-recalc-dims=\"1\" loading=\"lazy\" decoding=\"async\" width=\"800\" height=\"531\" alt=\"\" class=\"wp-block-jetpack-slideshow_image wp-image-144388\" data-id=\"144388\" src=\"https:\/\/i0.wp.com\/cdnoticias.com\/wp-content\/uploads\/2025\/02\/Marcha-Orgullo-Olavarria-antifascista-23.jpg?resize=800%2C531&#038;ssl=1\" srcset=\"https:\/\/i0.wp.com\/cdnoticias.com\/wp-content\/uploads\/2025\/02\/Marcha-Orgullo-Olavarria-antifascista-23.jpg?w=1024&amp;ssl=1 1024w, https:\/\/i0.wp.com\/cdnoticias.com\/wp-content\/uploads\/2025\/02\/Marcha-Orgullo-Olavarria-antifascista-23.jpg?resize=300%2C199&amp;ssl=1 300w, https:\/\/i0.wp.com\/cdnoticias.com\/wp-content\/uploads\/2025\/02\/Marcha-Orgullo-Olavarria-antifascista-23.jpg?resize=768%2C510&amp;ssl=1 768w, https:\/\/i0.wp.com\/cdnoticias.com\/wp-content\/uploads\/2025\/02\/Marcha-Orgullo-Olavarria-antifascista-23.jpg?resize=272%2C182&amp;ssl=1 272w\" sizes=\"(max-width: 800px) 100vw, 800px\" \/><\/figure><\/li><li class=\"wp-block-jetpack-slideshow_slide swiper-slide\"><figure><img data-recalc-dims=\"1\" loading=\"lazy\" decoding=\"async\" width=\"800\" height=\"531\" alt=\"\" class=\"wp-block-jetpack-slideshow_image wp-image-144387\" data-id=\"144387\" src=\"https:\/\/i0.wp.com\/cdnoticias.com\/wp-content\/uploads\/2025\/02\/Marcha-Orgullo-Olavarria-antifascista-22.jpg?resize=800%2C531&#038;ssl=1\" srcset=\"https:\/\/i0.wp.com\/cdnoticias.com\/wp-content\/uploads\/2025\/02\/Marcha-Orgullo-Olavarria-antifascista-22.jpg?w=1024&amp;ssl=1 1024w, https:\/\/i0.wp.com\/cdnoticias.com\/wp-content\/uploads\/2025\/02\/Marcha-Orgullo-Olavarria-antifascista-22.jpg?resize=300%2C199&amp;ssl=1 300w, https:\/\/i0.wp.com\/cdnoticias.com\/wp-content\/uploads\/2025\/02\/Marcha-Orgullo-Olavarria-antifascista-22.jpg?resize=768%2C510&amp;ssl=1 768w, https:\/\/i0.wp.com\/cdnoticias.com\/wp-content\/uploads\/2025\/02\/Marcha-Orgullo-Olavarria-antifascista-22.jpg?resize=272%2C182&amp;ssl=1 272w\" sizes=\"(max-width: 800px) 100vw, 800px\" \/><\/figure><\/li><li class=\"wp-block-jetpack-slideshow_slide swiper-slide\"><figure><img data-recalc-dims=\"1\" loading=\"lazy\" decoding=\"async\" width=\"800\" height=\"531\" alt=\"\" class=\"wp-block-jetpack-slideshow_image wp-image-144389\" data-id=\"144389\" src=\"https:\/\/i0.wp.com\/cdnoticias.com\/wp-content\/uploads\/2025\/02\/Marcha-Orgullo-Olavarria-antifascista-24.jpg?resize=800%2C531&#038;ssl=1\" srcset=\"https:\/\/i0.wp.com\/cdnoticias.com\/wp-content\/uploads\/2025\/02\/Marcha-Orgullo-Olavarria-antifascista-24.jpg?w=1024&amp;ssl=1 1024w, https:\/\/i0.wp.com\/cdnoticias.com\/wp-content\/uploads\/2025\/02\/Marcha-Orgullo-Olavarria-antifascista-24.jpg?resize=300%2C199&amp;ssl=1 300w, https:\/\/i0.wp.com\/cdnoticias.com\/wp-content\/uploads\/2025\/02\/Marcha-Orgullo-Olavarria-antifascista-24.jpg?resize=768%2C510&amp;ssl=1 768w, https:\/\/i0.wp.com\/cdnoticias.com\/wp-content\/uploads\/2025\/02\/Marcha-Orgullo-Olavarria-antifascista-24.jpg?resize=272%2C182&amp;ssl=1 272w\" sizes=\"(max-width: 800px) 100vw, 800px\" \/><\/figure><\/li><li class=\"wp-block-jetpack-slideshow_slide swiper-slide\"><figure><img data-recalc-dims=\"1\" loading=\"lazy\" decoding=\"async\" width=\"800\" height=\"531\" alt=\"\" class=\"wp-block-jetpack-slideshow_image wp-image-144397\" data-id=\"144397\" src=\"https:\/\/i0.wp.com\/cdnoticias.com\/wp-content\/uploads\/2025\/02\/Marcha-Orgullo-Olavarria-antifascista-32.jpg?resize=800%2C531&#038;ssl=1\" srcset=\"https:\/\/i0.wp.com\/cdnoticias.com\/wp-content\/uploads\/2025\/02\/Marcha-Orgullo-Olavarria-antifascista-32.jpg?w=1024&amp;ssl=1 1024w, https:\/\/i0.wp.com\/cdnoticias.com\/wp-content\/uploads\/2025\/02\/Marcha-Orgullo-Olavarria-antifascista-32.jpg?resize=300%2C199&amp;ssl=1 300w, https:\/\/i0.wp.com\/cdnoticias.com\/wp-content\/uploads\/2025\/02\/Marcha-Orgullo-Olavarria-antifascista-32.jpg?resize=768%2C510&amp;ssl=1 768w, https:\/\/i0.wp.com\/cdnoticias.com\/wp-content\/uploads\/2025\/02\/Marcha-Orgullo-Olavarria-antifascista-32.jpg?resize=272%2C182&amp;ssl=1 272w\" sizes=\"(max-width: 800px) 100vw, 800px\" \/><\/figure><\/li><li class=\"wp-block-jetpack-slideshow_slide swiper-slide\"><figure><img data-recalc-dims=\"1\" loading=\"lazy\" decoding=\"async\" width=\"800\" height=\"531\" alt=\"\" class=\"wp-block-jetpack-slideshow_image wp-image-144398\" data-id=\"144398\" src=\"https:\/\/i0.wp.com\/cdnoticias.com\/wp-content\/uploads\/2025\/02\/Marcha-Orgullo-Olavarria-antifascista-33.jpg?resize=800%2C531&#038;ssl=1\" srcset=\"https:\/\/i0.wp.com\/cdnoticias.com\/wp-content\/uploads\/2025\/02\/Marcha-Orgullo-Olavarria-antifascista-33.jpg?w=1024&amp;ssl=1 1024w, https:\/\/i0.wp.com\/cdnoticias.com\/wp-content\/uploads\/2025\/02\/Marcha-Orgullo-Olavarria-antifascista-33.jpg?resize=300%2C199&amp;ssl=1 300w, https:\/\/i0.wp.com\/cdnoticias.com\/wp-content\/uploads\/2025\/02\/Marcha-Orgullo-Olavarria-antifascista-33.jpg?resize=768%2C510&amp;ssl=1 768w, https:\/\/i0.wp.com\/cdnoticias.com\/wp-content\/uploads\/2025\/02\/Marcha-Orgullo-Olavarria-antifascista-33.jpg?resize=272%2C182&amp;ssl=1 272w\" sizes=\"(max-width: 800px) 100vw, 800px\" \/><\/figure><\/li><li class=\"wp-block-jetpack-slideshow_slide swiper-slide\"><figure><img data-recalc-dims=\"1\" loading=\"lazy\" decoding=\"async\" width=\"800\" height=\"531\" alt=\"\" class=\"wp-block-jetpack-slideshow_image wp-image-144396\" data-id=\"144396\" src=\"https:\/\/i0.wp.com\/cdnoticias.com\/wp-content\/uploads\/2025\/02\/Marcha-Orgullo-Olavarria-antifascista-31.jpg?resize=800%2C531&#038;ssl=1\" srcset=\"https:\/\/i0.wp.com\/cdnoticias.com\/wp-content\/uploads\/2025\/02\/Marcha-Orgullo-Olavarria-antifascista-31.jpg?w=1024&amp;ssl=1 1024w, https:\/\/i0.wp.com\/cdnoticias.com\/wp-content\/uploads\/2025\/02\/Marcha-Orgullo-Olavarria-antifascista-31.jpg?resize=300%2C199&amp;ssl=1 300w, https:\/\/i0.wp.com\/cdnoticias.com\/wp-content\/uploads\/2025\/02\/Marcha-Orgullo-Olavarria-antifascista-31.jpg?resize=768%2C510&amp;ssl=1 768w, https:\/\/i0.wp.com\/cdnoticias.com\/wp-content\/uploads\/2025\/02\/Marcha-Orgullo-Olavarria-antifascista-31.jpg?resize=272%2C182&amp;ssl=1 272w\" sizes=\"(max-width: 800px) 100vw, 800px\" \/><\/figure><\/li><li class=\"wp-block-jetpack-slideshow_slide swiper-slide\"><figure><img data-recalc-dims=\"1\" loading=\"lazy\" decoding=\"async\" width=\"800\" height=\"531\" alt=\"\" class=\"wp-block-jetpack-slideshow_image wp-image-144374\" data-id=\"144374\" src=\"https:\/\/i0.wp.com\/cdnoticias.com\/wp-content\/uploads\/2025\/02\/Marcha-Orgullo-Olavarria-antifascista-09.jpg?resize=800%2C531&#038;ssl=1\" srcset=\"https:\/\/i0.wp.com\/cdnoticias.com\/wp-content\/uploads\/2025\/02\/Marcha-Orgullo-Olavarria-antifascista-09.jpg?w=1024&amp;ssl=1 1024w, https:\/\/i0.wp.com\/cdnoticias.com\/wp-content\/uploads\/2025\/02\/Marcha-Orgullo-Olavarria-antifascista-09.jpg?resize=300%2C199&amp;ssl=1 300w, https:\/\/i0.wp.com\/cdnoticias.com\/wp-content\/uploads\/2025\/02\/Marcha-Orgullo-Olavarria-antifascista-09.jpg?resize=768%2C510&amp;ssl=1 768w, https:\/\/i0.wp.com\/cdnoticias.com\/wp-content\/uploads\/2025\/02\/Marcha-Orgullo-Olavarria-antifascista-09.jpg?resize=272%2C182&amp;ssl=1 272w\" sizes=\"(max-width: 800px) 100vw, 800px\" \/><\/figure><\/li><li class=\"wp-block-jetpack-slideshow_slide swiper-slide\"><figure><img data-recalc-dims=\"1\" loading=\"lazy\" decoding=\"async\" width=\"800\" height=\"531\" alt=\"\" class=\"wp-block-jetpack-slideshow_image wp-image-144375\" data-id=\"144375\" src=\"https:\/\/i0.wp.com\/cdnoticias.com\/wp-content\/uploads\/2025\/02\/Marcha-Orgullo-Olavarria-antifascista-10.jpg?resize=800%2C531&#038;ssl=1\" srcset=\"https:\/\/i0.wp.com\/cdnoticias.com\/wp-content\/uploads\/2025\/02\/Marcha-Orgullo-Olavarria-antifascista-10.jpg?w=1024&amp;ssl=1 1024w, https:\/\/i0.wp.com\/cdnoticias.com\/wp-content\/uploads\/2025\/02\/Marcha-Orgullo-Olavarria-antifascista-10.jpg?resize=300%2C199&amp;ssl=1 300w, https:\/\/i0.wp.com\/cdnoticias.com\/wp-content\/uploads\/2025\/02\/Marcha-Orgullo-Olavarria-antifascista-10.jpg?resize=768%2C510&amp;ssl=1 768w, https:\/\/i0.wp.com\/cdnoticias.com\/wp-content\/uploads\/2025\/02\/Marcha-Orgullo-Olavarria-antifascista-10.jpg?resize=272%2C182&amp;ssl=1 272w\" sizes=\"(max-width: 800px) 100vw, 800px\" \/><\/figure><\/li><li class=\"wp-block-jetpack-slideshow_slide swiper-slide\"><figure><img data-recalc-dims=\"1\" loading=\"lazy\" decoding=\"async\" width=\"800\" height=\"531\" alt=\"\" class=\"wp-block-jetpack-slideshow_image wp-image-144376\" data-id=\"144376\" src=\"https:\/\/i0.wp.com\/cdnoticias.com\/wp-content\/uploads\/2025\/02\/Marcha-Orgullo-Olavarria-antifascista-11.jpg?resize=800%2C531&#038;ssl=1\" srcset=\"https:\/\/i0.wp.com\/cdnoticias.com\/wp-content\/uploads\/2025\/02\/Marcha-Orgullo-Olavarria-antifascista-11.jpg?w=1024&amp;ssl=1 1024w, https:\/\/i0.wp.com\/cdnoticias.com\/wp-content\/uploads\/2025\/02\/Marcha-Orgullo-Olavarria-antifascista-11.jpg?resize=300%2C199&amp;ssl=1 300w, https:\/\/i0.wp.com\/cdnoticias.com\/wp-content\/uploads\/2025\/02\/Marcha-Orgullo-Olavarria-antifascista-11.jpg?resize=768%2C510&amp;ssl=1 768w, https:\/\/i0.wp.com\/cdnoticias.com\/wp-content\/uploads\/2025\/02\/Marcha-Orgullo-Olavarria-antifascista-11.jpg?resize=272%2C182&amp;ssl=1 272w\" sizes=\"(max-width: 800px) 100vw, 800px\" \/><\/figure><\/li><li class=\"wp-block-jetpack-slideshow_slide swiper-slide\"><figure><img data-recalc-dims=\"1\" loading=\"lazy\" decoding=\"async\" width=\"800\" height=\"531\" alt=\"\" class=\"wp-block-jetpack-slideshow_image wp-image-144367\" data-id=\"144367\" src=\"https:\/\/i0.wp.com\/cdnoticias.com\/wp-content\/uploads\/2025\/02\/Marcha-Orgullo-Olavarria-antifascista-02.jpg?resize=800%2C531&#038;ssl=1\" srcset=\"https:\/\/i0.wp.com\/cdnoticias.com\/wp-content\/uploads\/2025\/02\/Marcha-Orgullo-Olavarria-antifascista-02.jpg?w=1024&amp;ssl=1 1024w, https:\/\/i0.wp.com\/cdnoticias.com\/wp-content\/uploads\/2025\/02\/Marcha-Orgullo-Olavarria-antifascista-02.jpg?resize=300%2C199&amp;ssl=1 300w, https:\/\/i0.wp.com\/cdnoticias.com\/wp-content\/uploads\/2025\/02\/Marcha-Orgullo-Olavarria-antifascista-02.jpg?resize=768%2C510&amp;ssl=1 768w, https:\/\/i0.wp.com\/cdnoticias.com\/wp-content\/uploads\/2025\/02\/Marcha-Orgullo-Olavarria-antifascista-02.jpg?resize=272%2C182&amp;ssl=1 272w\" sizes=\"(max-width: 800px) 100vw, 800px\" \/><\/figure><\/li><li class=\"wp-block-jetpack-slideshow_slide swiper-slide\"><figure><img data-recalc-dims=\"1\" loading=\"lazy\" decoding=\"async\" width=\"800\" height=\"531\" alt=\"\" class=\"wp-block-jetpack-slideshow_image wp-image-144369\" data-id=\"144369\" src=\"https:\/\/i0.wp.com\/cdnoticias.com\/wp-content\/uploads\/2025\/02\/Marcha-Orgullo-Olavarria-antifascista-04.jpg?resize=800%2C531&#038;ssl=1\" srcset=\"https:\/\/i0.wp.com\/cdnoticias.com\/wp-content\/uploads\/2025\/02\/Marcha-Orgullo-Olavarria-antifascista-04.jpg?w=1024&amp;ssl=1 1024w, https:\/\/i0.wp.com\/cdnoticias.com\/wp-content\/uploads\/2025\/02\/Marcha-Orgullo-Olavarria-antifascista-04.jpg?resize=300%2C199&amp;ssl=1 300w, https:\/\/i0.wp.com\/cdnoticias.com\/wp-content\/uploads\/2025\/02\/Marcha-Orgullo-Olavarria-antifascista-04.jpg?resize=768%2C510&amp;ssl=1 768w, https:\/\/i0.wp.com\/cdnoticias.com\/wp-content\/uploads\/2025\/02\/Marcha-Orgullo-Olavarria-antifascista-04.jpg?resize=272%2C182&amp;ssl=1 272w\" sizes=\"(max-width: 800px) 100vw, 800px\" \/><\/figure><\/li><li class=\"wp-block-jetpack-slideshow_slide swiper-slide\"><figure><img data-recalc-dims=\"1\" loading=\"lazy\" decoding=\"async\" width=\"800\" height=\"531\" alt=\"\" class=\"wp-block-jetpack-slideshow_image wp-image-144370\" data-id=\"144370\" src=\"https:\/\/i0.wp.com\/cdnoticias.com\/wp-content\/uploads\/2025\/02\/Marcha-Orgullo-Olavarria-antifascista-05.jpg?resize=800%2C531&#038;ssl=1\" srcset=\"https:\/\/i0.wp.com\/cdnoticias.com\/wp-content\/uploads\/2025\/02\/Marcha-Orgullo-Olavarria-antifascista-05.jpg?w=1024&amp;ssl=1 1024w, https:\/\/i0.wp.com\/cdnoticias.com\/wp-content\/uploads\/2025\/02\/Marcha-Orgullo-Olavarria-antifascista-05.jpg?resize=300%2C199&amp;ssl=1 300w, https:\/\/i0.wp.com\/cdnoticias.com\/wp-content\/uploads\/2025\/02\/Marcha-Orgullo-Olavarria-antifascista-05.jpg?resize=768%2C510&amp;ssl=1 768w, https:\/\/i0.wp.com\/cdnoticias.com\/wp-content\/uploads\/2025\/02\/Marcha-Orgullo-Olavarria-antifascista-05.jpg?resize=272%2C182&amp;ssl=1 272w\" sizes=\"(max-width: 800px) 100vw, 800px\" \/><\/figure><\/li><li class=\"wp-block-jetpack-slideshow_slide swiper-slide\"><figure><img data-recalc-dims=\"1\" loading=\"lazy\" decoding=\"async\" width=\"800\" height=\"531\" alt=\"\" class=\"wp-block-jetpack-slideshow_image wp-image-144401\" data-id=\"144401\" src=\"https:\/\/i0.wp.com\/cdnoticias.com\/wp-content\/uploads\/2025\/02\/Marcha-Orgullo-Olavarria-antifascista-36.jpg?resize=800%2C531&#038;ssl=1\" srcset=\"https:\/\/i0.wp.com\/cdnoticias.com\/wp-content\/uploads\/2025\/02\/Marcha-Orgullo-Olavarria-antifascista-36.jpg?w=1024&amp;ssl=1 1024w, https:\/\/i0.wp.com\/cdnoticias.com\/wp-content\/uploads\/2025\/02\/Marcha-Orgullo-Olavarria-antifascista-36.jpg?resize=300%2C199&amp;ssl=1 300w, https:\/\/i0.wp.com\/cdnoticias.com\/wp-content\/uploads\/2025\/02\/Marcha-Orgullo-Olavarria-antifascista-36.jpg?resize=768%2C510&amp;ssl=1 768w, https:\/\/i0.wp.com\/cdnoticias.com\/wp-content\/uploads\/2025\/02\/Marcha-Orgullo-Olavarria-antifascista-36.jpg?resize=272%2C182&amp;ssl=1 272w\" sizes=\"(max-width: 800px) 100vw, 800px\" \/><\/figure><\/li><li class=\"wp-block-jetpack-slideshow_slide swiper-slide\"><figure><img data-recalc-dims=\"1\" loading=\"lazy\" decoding=\"async\" width=\"800\" height=\"531\" alt=\"\" class=\"wp-block-jetpack-slideshow_image wp-image-144371\" data-id=\"144371\" src=\"https:\/\/i0.wp.com\/cdnoticias.com\/wp-content\/uploads\/2025\/02\/Marcha-Orgullo-Olavarria-antifascista-06.jpg?resize=800%2C531&#038;ssl=1\" srcset=\"https:\/\/i0.wp.com\/cdnoticias.com\/wp-content\/uploads\/2025\/02\/Marcha-Orgullo-Olavarria-antifascista-06.jpg?w=1024&amp;ssl=1 1024w, https:\/\/i0.wp.com\/cdnoticias.com\/wp-content\/uploads\/2025\/02\/Marcha-Orgullo-Olavarria-antifascista-06.jpg?resize=300%2C199&amp;ssl=1 300w, https:\/\/i0.wp.com\/cdnoticias.com\/wp-content\/uploads\/2025\/02\/Marcha-Orgullo-Olavarria-antifascista-06.jpg?resize=768%2C510&amp;ssl=1 768w, https:\/\/i0.wp.com\/cdnoticias.com\/wp-content\/uploads\/2025\/02\/Marcha-Orgullo-Olavarria-antifascista-06.jpg?resize=272%2C182&amp;ssl=1 272w\" sizes=\"(max-width: 800px) 100vw, 800px\" \/><\/figure><\/li><li class=\"wp-block-jetpack-slideshow_slide swiper-slide\"><figure><img data-recalc-dims=\"1\" loading=\"lazy\" decoding=\"async\" width=\"800\" height=\"531\" alt=\"\" class=\"wp-block-jetpack-slideshow_image wp-image-144366\" data-id=\"144366\" src=\"https:\/\/i0.wp.com\/cdnoticias.com\/wp-content\/uploads\/2025\/02\/Marcha-Orgullo-Olavarria-antifascista-01.jpg?resize=800%2C531&#038;ssl=1\" srcset=\"https:\/\/i0.wp.com\/cdnoticias.com\/wp-content\/uploads\/2025\/02\/Marcha-Orgullo-Olavarria-antifascista-01.jpg?w=1024&amp;ssl=1 1024w, https:\/\/i0.wp.com\/cdnoticias.com\/wp-content\/uploads\/2025\/02\/Marcha-Orgullo-Olavarria-antifascista-01.jpg?resize=300%2C199&amp;ssl=1 300w, https:\/\/i0.wp.com\/cdnoticias.com\/wp-content\/uploads\/2025\/02\/Marcha-Orgullo-Olavarria-antifascista-01.jpg?resize=768%2C510&amp;ssl=1 768w, https:\/\/i0.wp.com\/cdnoticias.com\/wp-content\/uploads\/2025\/02\/Marcha-Orgullo-Olavarria-antifascista-01.jpg?resize=272%2C182&amp;ssl=1 272w\" sizes=\"(max-width: 800px) 100vw, 800px\" \/><\/figure><\/li><li class=\"wp-block-jetpack-slideshow_slide swiper-slide\"><figure><img data-recalc-dims=\"1\" loading=\"lazy\" decoding=\"async\" width=\"800\" height=\"531\" alt=\"\" class=\"wp-block-jetpack-slideshow_image wp-image-144404\" data-id=\"144404\" src=\"https:\/\/i0.wp.com\/cdnoticias.com\/wp-content\/uploads\/2025\/02\/Marcha-Orgullo-Olavarria-antifascista-39.jpg?resize=800%2C531&#038;ssl=1\" srcset=\"https:\/\/i0.wp.com\/cdnoticias.com\/wp-content\/uploads\/2025\/02\/Marcha-Orgullo-Olavarria-antifascista-39.jpg?w=1024&amp;ssl=1 1024w, https:\/\/i0.wp.com\/cdnoticias.com\/wp-content\/uploads\/2025\/02\/Marcha-Orgullo-Olavarria-antifascista-39.jpg?resize=300%2C199&amp;ssl=1 300w, https:\/\/i0.wp.com\/cdnoticias.com\/wp-content\/uploads\/2025\/02\/Marcha-Orgullo-Olavarria-antifascista-39.jpg?resize=768%2C510&amp;ssl=1 768w, https:\/\/i0.wp.com\/cdnoticias.com\/wp-content\/uploads\/2025\/02\/Marcha-Orgullo-Olavarria-antifascista-39.jpg?resize=272%2C182&amp;ssl=1 272w\" sizes=\"(max-width: 800px) 100vw, 800px\" \/><\/figure><\/li><li class=\"wp-block-jetpack-slideshow_slide swiper-slide\"><figure><img data-recalc-dims=\"1\" loading=\"lazy\" decoding=\"async\" width=\"800\" height=\"531\" alt=\"\" class=\"wp-block-jetpack-slideshow_image wp-image-144410\" data-id=\"144410\" src=\"https:\/\/i0.wp.com\/cdnoticias.com\/wp-content\/uploads\/2025\/02\/Marcha-Orgullo-Olavarria-antifascista-45.jpg?resize=800%2C531&#038;ssl=1\" srcset=\"https:\/\/i0.wp.com\/cdnoticias.com\/wp-content\/uploads\/2025\/02\/Marcha-Orgullo-Olavarria-antifascista-45.jpg?w=1024&amp;ssl=1 1024w, https:\/\/i0.wp.com\/cdnoticias.com\/wp-content\/uploads\/2025\/02\/Marcha-Orgullo-Olavarria-antifascista-45.jpg?resize=300%2C199&amp;ssl=1 300w, https:\/\/i0.wp.com\/cdnoticias.com\/wp-content\/uploads\/2025\/02\/Marcha-Orgullo-Olavarria-antifascista-45.jpg?resize=768%2C510&amp;ssl=1 768w, https:\/\/i0.wp.com\/cdnoticias.com\/wp-content\/uploads\/2025\/02\/Marcha-Orgullo-Olavarria-antifascista-45.jpg?resize=272%2C182&amp;ssl=1 272w\" sizes=\"(max-width: 800px) 100vw, 800px\" \/><\/figure><\/li><li class=\"wp-block-jetpack-slideshow_slide swiper-slide\"><figure><img data-recalc-dims=\"1\" loading=\"lazy\" decoding=\"async\" width=\"800\" height=\"531\" alt=\"\" class=\"wp-block-jetpack-slideshow_image wp-image-144412\" data-id=\"144412\" src=\"https:\/\/i0.wp.com\/cdnoticias.com\/wp-content\/uploads\/2025\/02\/Marcha-Orgullo-Olavarria-antifascista-47.jpg?resize=800%2C531&#038;ssl=1\" srcset=\"https:\/\/i0.wp.com\/cdnoticias.com\/wp-content\/uploads\/2025\/02\/Marcha-Orgullo-Olavarria-antifascista-47.jpg?w=1024&amp;ssl=1 1024w, https:\/\/i0.wp.com\/cdnoticias.com\/wp-content\/uploads\/2025\/02\/Marcha-Orgullo-Olavarria-antifascista-47.jpg?resize=300%2C199&amp;ssl=1 300w, https:\/\/i0.wp.com\/cdnoticias.com\/wp-content\/uploads\/2025\/02\/Marcha-Orgullo-Olavarria-antifascista-47.jpg?resize=768%2C510&amp;ssl=1 768w, https:\/\/i0.wp.com\/cdnoticias.com\/wp-content\/uploads\/2025\/02\/Marcha-Orgullo-Olavarria-antifascista-47.jpg?resize=272%2C182&amp;ssl=1 272w\" sizes=\"(max-width: 800px) 100vw, 800px\" \/><\/figure><\/li><li class=\"wp-block-jetpack-slideshow_slide swiper-slide\"><figure><img data-recalc-dims=\"1\" loading=\"lazy\" decoding=\"async\" width=\"800\" height=\"531\" alt=\"\" class=\"wp-block-jetpack-slideshow_image wp-image-144416\" data-id=\"144416\" src=\"https:\/\/i0.wp.com\/cdnoticias.com\/wp-content\/uploads\/2025\/02\/Marcha-Orgullo-Olavarria-antifascista-51.jpg?resize=800%2C531&#038;ssl=1\" srcset=\"https:\/\/i0.wp.com\/cdnoticias.com\/wp-content\/uploads\/2025\/02\/Marcha-Orgullo-Olavarria-antifascista-51.jpg?w=1024&amp;ssl=1 1024w, https:\/\/i0.wp.com\/cdnoticias.com\/wp-content\/uploads\/2025\/02\/Marcha-Orgullo-Olavarria-antifascista-51.jpg?resize=300%2C199&amp;ssl=1 300w, https:\/\/i0.wp.com\/cdnoticias.com\/wp-content\/uploads\/2025\/02\/Marcha-Orgullo-Olavarria-antifascista-51.jpg?resize=768%2C510&amp;ssl=1 768w, https:\/\/i0.wp.com\/cdnoticias.com\/wp-content\/uploads\/2025\/02\/Marcha-Orgullo-Olavarria-antifascista-51.jpg?resize=272%2C182&amp;ssl=1 272w\" sizes=\"(max-width: 800px) 100vw, 800px\" \/><\/figure><\/li><li class=\"wp-block-jetpack-slideshow_slide swiper-slide\"><figure><img data-recalc-dims=\"1\" loading=\"lazy\" decoding=\"async\" width=\"800\" height=\"531\" alt=\"\" class=\"wp-block-jetpack-slideshow_image wp-image-144405\" data-id=\"144405\" src=\"https:\/\/i0.wp.com\/cdnoticias.com\/wp-content\/uploads\/2025\/02\/Marcha-Orgullo-Olavarria-antifascista-40.jpg?resize=800%2C531&#038;ssl=1\" srcset=\"https:\/\/i0.wp.com\/cdnoticias.com\/wp-content\/uploads\/2025\/02\/Marcha-Orgullo-Olavarria-antifascista-40.jpg?w=1024&amp;ssl=1 1024w, https:\/\/i0.wp.com\/cdnoticias.com\/wp-content\/uploads\/2025\/02\/Marcha-Orgullo-Olavarria-antifascista-40.jpg?resize=300%2C199&amp;ssl=1 300w, https:\/\/i0.wp.com\/cdnoticias.com\/wp-content\/uploads\/2025\/02\/Marcha-Orgullo-Olavarria-antifascista-40.jpg?resize=768%2C510&amp;ssl=1 768w, https:\/\/i0.wp.com\/cdnoticias.com\/wp-content\/uploads\/2025\/02\/Marcha-Orgullo-Olavarria-antifascista-40.jpg?resize=272%2C182&amp;ssl=1 272w\" sizes=\"(max-width: 800px) 100vw, 800px\" \/><\/figure><\/li><\/ul><a class=\"wp-block-jetpack-slideshow_button-prev swiper-button-prev swiper-button-white\" role=\"button\"><\/a><a class=\"wp-block-jetpack-slideshow_button-next swiper-button-next swiper-button-white\" role=\"button\"><\/a><a aria-label=\"Pause Slideshow\" class=\"wp-block-jetpack-slideshow_button-pause\" role=\"button\"><\/a><div class=\"wp-block-jetpack-slideshow_pagination swiper-pagination swiper-pagination-white\"><\/div><\/div><\/div>\n\n\n\n<p>En nuestra ciudad, la masiva concentraci\u00f3n antifascista y antirracista fue a las 19:00 y tuvo como punto de encuentro el Paseo Jes\u00fas Mend\u00eda. <strong>Participaron agrupaciones LGBT+, feministas, pol\u00edticas, sociales y gran cantidad de vecinas y vecinos autoconvocados.<\/strong><\/p>\n\n\n\n<p><\/p>\n\n\n\n<p>La marcha comenz\u00f3 poco despu\u00e9s del horario se\u00f1alado y recorri\u00f3 la zona c\u00e9ntrica. Hubo expresiones de <strong>rechazo a las pol\u00edticas nacionales, a los discursos emitidos por la m\u00e1xima autoridad pol\u00edtica del pa\u00eds y tambi\u00e9n, reclamos al gobierno local<\/strong> de mayor inversi\u00f3n en pol\u00edticas de g\u00e9nero.<\/p>\n","protected":false},"excerpt":{"rendered":"<p>La movilizaci\u00f3n recorri\u00f3 la zona c\u00e9ntrica en repudio a los dichos del Presidente Milei en Davos. Este s\u00e1bado por la<\/p>\n","protected":false},"author":5,"featured_media":144385,"comment_status":"closed","ping_status":"closed","sticky":false,"template":"","format":"standard","meta":{"_jetpack_memberships_contains_paid_content":false,"footnotes":""},"categories":[3,1],"tags":[],"class_list":["post-146453","post","type-post","status-publish","format-standard","has-post-thumbnail","hentry","category-genero","category-portada"],"jetpack_featured_media_url":"https:\/\/i0.wp.com\/cdnoticias.com\/wp-content\/uploads\/2025\/02\/Marcha-Orgullo-Olavarria-antifascista-20.jpg?fit=1024%2C680&ssl=1","jetpack_sharing_enabled":true,"_links":{"self":[{"href":"https:\/\/cdnoticias.com\/index.php\/wp-json\/wp\/v2\/posts\/146453","targetHints":{"allow":["GET"]}}],"collection":[{"href":"https:\/\/cdnoticias.com\/index.php\/wp-json\/wp\/v2\/posts"}],"about":[{"href":"https:\/\/cdnoticias.com\/index.php\/wp-json\/wp\/v2\/types\/post"}],"author":[{"embeddable":true,"href":"https:\/\/cdnoticias.com\/index.php\/wp-json\/wp\/v2\/users\/5"}],"replies":[{"embeddable":true,"href":"https:\/\/cdnoticias.com\/index.php\/wp-json\/wp\/v2\/comments?post=146453"}],"version-history":[{"count":0,"href":"https:\/\/cdnoticias.com\/index.php\/wp-json\/wp\/v2\/posts\/146453\/revisions"}],"wp:featuredmedia":[{"embeddable":true,"href":"https:\/\/cdnoticias.com\/index.php\/wp-json\/wp\/v2\/media\/144385"}],"wp:attachment":[{"href":"https:\/\/cdnoticias.com\/index.php\/wp-json\/wp\/v2\/media?parent=146453"}],"wp:term":[{"taxonomy":"category","embeddable":true,"href":"https:\/\/cdnoticias.com\/index.php\/wp-json\/wp\/v2\/categories?post=146453"},{"taxonomy":"post_tag","embeddable":true,"href":"https:\/\/cdnoticias.com\/index.php\/wp-json\/wp\/v2\/tags?post=146453"}],"curies":[{"name":"wp","href":"https:\/\/api.w.org\/{rel}","templated":true}]}}