{"id":146336,"date":"2022-04-02T22:52:45","date_gmt":"2022-04-03T01:52:45","guid":{"rendered":"http:\/\/centraldeportes.com.ar\/?p=13866"},"modified":"2022-04-02T22:52:45","modified_gmt":"2022-04-03T01:52:45","slug":"buen-debut-de-local-para-embajadores-en-el-interligas","status":"publish","type":"post","link":"https:\/\/cdnoticias.com\/index.php\/2022\/04\/02\/buen-debut-de-local-para-embajadores-en-el-interligas\/","title":{"rendered":"Buen debut de local para Embajadores en el Interligas"},"content":{"rendered":"<p>Embajadores derrot\u00f3 2 a 1 a San Jorge en el comienzo de la segunda fecha del Torneo Uni\u00f3n Regional Deportiva y es l\u00edder de la Zona 1.<\/p>\n<p><!--more--><\/p>\n<hr \/>\n<p>En la tarde-noche de este s\u00e1bado comenz\u00f3 una nueva fecha de la competencia que une las Ligas de Olavarr\u00eda, Bol\u00edvar y Laprida y en el Tete Di Carlo,<\/p>\n<p>&nbsp;<\/p>\n<p>Embajadores debut\u00f3 en condici\u00f3n de local y con goles de Dar\u00edo Leonardo y Alejo Di Carlo se qued\u00f3 con los tres puntos. Nicol\u00e1s Andreu hab\u00eda igualado las acciones transitoriamente.<\/p>\n<p>&nbsp;<\/p>\n<p>La apertura del marcador lleg\u00f3 a los 57 minutos con un remate esquinado y violento de Leonardo desde afuera del \u00e1rea, pero la ventaja para los locales dur\u00f3 s\u00f3lo 120 segundos, ya que Nicol\u00e1s Andreu aprovech\u00f3 el mal cierre de Barzola y defini\u00f3 ingresando al \u00e1rea con un violento remate.<\/p>\n<p>&nbsp;<\/p>\n<p>[soliloquy slug=&#8221;ceo&#8221;]<\/p>\n<p>&nbsp;<\/p>\n<p>Sobre el cierre del cotejo, cuando iban 81\u00b4, Alejo Di Carlo puso cifras definitivas apareciendo s\u00f3lo por el segundo palo tras el centro de Lareu.<\/p>\n<p>&nbsp;<\/p>\n<p>La actividad continuar\u00e1 en la jornada dominical con todos los cruces para completar la segunda fecha del Interligas.<\/p>\n<p>&nbsp;<\/p>\n<p>S\u00edntesis Embajadores \u2013 San Jorge:<\/p>\n<p><strong>Embajadores (2): Juli\u00e1n Bravo; Renzo Cuatrochio, Iv\u00e1n Las Heras, Diego Barzola, Nahuel Moro; Lucas Gramundo (Lamas, J.), Ger\u00f3nimo Gelmi, Braian Bortolotti, Juan Andreu (Bali\u00f1o, A.); Dar\u00edo Leonardo (Lareu, N.), Federico Di Lorenzo (Di Carlo, A.). DT- Miguel Diorio<\/strong><\/p>\n<p><strong>San Jorge (1): Jonathan Bravo; Nicol\u00e1s Ortiz, Nicol\u00e1s Cosentino, Nahuel Barzola, Ezequiel Niz (Villamayor, C.); Nahuel Mendoza (Palacios, E.), Federico Torres (Balquinta, J.), Luca Mutuverria, Federico Bettilli, Diego Venzi, Nicol\u00e1s Andreu (Baldini, A.). DT- Sebasti\u00e1n Bonavetti<\/strong><\/p>\n<p><strong>Goles: 12\u00b4ST Dar\u00edo Leonardo (CEO); 14\u00b4 ST Nicol\u00e1s Andreu (SJ); 36\u00b4 ST Alejo Di Carlo (CEO)<\/strong><\/p>\n<p><strong>Amonestados: Las Heras y Moro en CEO; Barzola y Baldini en San Jorge<\/strong><\/p>\n<p><strong>Expulsados: Bonavetti -DT- y Bettilli en San Jorge<\/strong><br \/>\n<strong>\u00c1rbitro: Lautaro Bessia. Estadio: Clemente Di Carlo<\/strong><\/p>\n","protected":false},"excerpt":{"rendered":"<p>Embajadores derrot\u00f3 2 a 1 a San Jorge en el comienzo de la segunda fecha del Torneo Uni\u00f3n Regional Deportiva<\/p>\n","protected":false},"author":96739694,"featured_media":146337,"comment_status":"closed","ping_status":"closed","sticky":false,"template":"","format":"standard","meta":{"_jetpack_memberships_contains_paid_content":false,"footnotes":""},"categories":[35,1,41],"tags":[],"class_list":["post-146336","post","type-post","status-publish","format-standard","has-post-thumbnail","hentry","category-futbol","category-portada","category-primera-y-reserva"],"jetpack_featured_media_url":"https:\/\/i0.wp.com\/cdnoticias.com\/wp-content\/uploads\/2022\/04\/ceo-futbol-8.png?fit=1280%2C853&ssl=1","jetpack_sharing_enabled":true,"_links":{"self":[{"href":"https:\/\/cdnoticias.com\/index.php\/wp-json\/wp\/v2\/posts\/146336","targetHints":{"allow":["GET"]}}],"collection":[{"href":"https:\/\/cdnoticias.com\/index.php\/wp-json\/wp\/v2\/posts"}],"about":[{"href":"https:\/\/cdnoticias.com\/index.php\/wp-json\/wp\/v2\/types\/post"}],"author":[{"embeddable":true,"href":"https:\/\/cdnoticias.com\/index.php\/wp-json\/wp\/v2\/users\/96739694"}],"replies":[{"embeddable":true,"href":"https:\/\/cdnoticias.com\/index.php\/wp-json\/wp\/v2\/comments?post=146336"}],"version-history":[{"count":0,"href":"https:\/\/cdnoticias.com\/index.php\/wp-json\/wp\/v2\/posts\/146336\/revisions"}],"wp:featuredmedia":[{"embeddable":true,"href":"https:\/\/cdnoticias.com\/index.php\/wp-json\/wp\/v2\/media\/146337"}],"wp:attachment":[{"href":"https:\/\/cdnoticias.com\/index.php\/wp-json\/wp\/v2\/media?parent=146336"}],"wp:term":[{"taxonomy":"category","embeddable":true,"href":"https:\/\/cdnoticias.com\/index.php\/wp-json\/wp\/v2\/categories?post=146336"},{"taxonomy":"post_tag","embeddable":true,"href":"https:\/\/cdnoticias.com\/index.php\/wp-json\/wp\/v2\/tags?post=146336"}],"curies":[{"name":"wp","href":"https:\/\/api.w.org\/{rel}","templated":true}]}}