{"id":14631,"date":"2021-02-24T18:18:41","date_gmt":"2021-02-24T21:18:41","guid":{"rendered":"http:\/\/www.centraldenoticias.com.ar\/?p=14631"},"modified":"2021-02-24T18:18:41","modified_gmt":"2021-02-24T21:18:41","slug":"para-sacar-la-licencia-de-conducir-habra-que-aprobar-un-curso-sobre-violencia-de-genero","status":"publish","type":"post","link":"https:\/\/cdnoticias.com\/index.php\/2021\/02\/24\/para-sacar-la-licencia-de-conducir-habra-que-aprobar-un-curso-sobre-violencia-de-genero\/","title":{"rendered":"Para sacar la licencia de conducir habr\u00e1 que aprobar un curso sobre violencia de g\u00e9nero"},"content":{"rendered":"<p>Se implementar\u00e1 una \u201cgu\u00eda pr\u00e1ctica de comunicaci\u00f3n con sensibilidad de g\u00e9nero del transporte\u201d, que se sumar\u00e1 a los ex\u00e1menes ya implementados.<!--more--><\/p>\n<hr \/>\n<p>Desde ahora, <strong>para sacar el registro de conducir habr\u00e1 que hacer un curso sobre violencia de g\u00e9nero que tiene como objetivo \u201cterminar con las pr\u00e1cticas culturales que dejan a las mujeres y al colectivo LGTBI+<\/strong> en los m\u00e1rgenes del desarrollo discursivo y erradicar las desigualdades existentes\u201d.<\/p>\n<p>&nbsp;<\/p>\n<p>Se trata de una \u201cgu\u00eda pr\u00e1ctica de comunicaci\u00f3n con sensibilidad de g\u00e9nero del transporte\u201d, que se sumar\u00e1 a los ex\u00e1menes ya implementados para conseguir la licencia para conducir. <strong>La medida, que tiene alcance nacional, fue elaborada por la Direcci\u00f3n de Pol\u00edticas de G\u00e9neros y Diversidades dependientes de la Unidad Gabinete de Asesores del Ministerio de Transporte de la Naci\u00f3n.<\/strong><\/p>\n<p>&nbsp;<\/p>\n<p>Seg\u00fan explica el Ministerio de Transporte, la gu\u00eda tiene como objetivo central \u201c<strong>generar nuevas formas de comunicar que construyan y expresen igualdad para la diversidad de g\u00e9nero\u201d.<\/strong><\/p>\n<p>&nbsp;<\/p>\n<p>\u201cDebemos repensar la forma en que ven\u00edamos construyendo nuestros significados y discursos, y c\u00f3mo comunicamos, visibilizando a las mujeres y colectivo LGBTI+ del sector transporte,<strong> para terminar con pr\u00e1cticas culturales que las dejan en las m\u00e1rgenes del desarrollo discursivo y erradicar las desigualdades existentes en nuestro sector<\/strong>\u201d, se agreg\u00f3.<\/p>\n<p>&nbsp;<\/p>\n<p>El programa de ense\u00f1anza a desarrollar por las escuelas de seguridad vial para el curso te\u00f3rico pr\u00e1ctico debe comprender los siguientes contenidos:<\/p>\n<p>&nbsp;<\/p>\n<p><em><strong>Conceptos b\u00e1sicos<\/strong><\/em><\/p>\n<p>&nbsp;<\/p>\n<p><strong>Estereotipos:<\/strong> son im\u00e1genes o ideas simplificadas y deformadas de la realidad, aceptadas com\u00fanmente con car\u00e1cter inmutable, que se vuelven verdades indiscutibles a fuerza de repetirse.<\/p>\n<p>&nbsp;<\/p>\n<p><strong>Androcentrismo:<\/strong> el hombre est\u00e1 considerado como centro del universo y define lo masculino como la medida de todas las cosas y la representaci\u00f3n global de la humanidad. El concepto de androcentrismo suele hacer referencia a un modelo \u00fanico de var\u00f3n: blanco, heterosexual, occidental, de clase media, sin discapacidad. Una consecuencia del Androcentrismo es la ocultaci\u00f3n de las mujeres, su falta de definici\u00f3n y la no consideraci\u00f3n de sus realidades.<\/p>\n<p>&nbsp;<\/p>\n<p><strong>Sexismo:<\/strong> es un mecanismo por el que se concede privilegio a un sexo en desventaja con el otro. El sexismo es, entonces, pre-condici\u00f3n del androcentrismo. El androcentrismo es la raz\u00f3n detr\u00e1s de la mayor\u00eda de las construcciones sexistas.<\/p>\n<p>&nbsp;<\/p>\n<p><strong>Patriarcado:<\/strong> es un sistema que estructura la desigualdad entre los g\u00e9neros y lo hace de manera regulada y sistem\u00e1tica. Tiene como causa principal la jerarqu\u00eda masculina por sobre los dem\u00e1s g\u00e9neros.<\/p>\n<p>&nbsp;<\/p>\n<p><strong>Discriminaci\u00f3n positiva:<\/strong> el establecimiento de normas que buscan, intencionadamente, favorecer a un determinado sector que hasta el momento se consideraba minoritario, realizando una acci\u00f3n afirmativa de derechos de las minor\u00edas que, a veces, tampoco equilibra esa desigualdad previa.<\/p>\n<p>&nbsp;<\/p>\n<p><strong>Identidad de g\u00e9nero:<\/strong> refleja un sentido profundo y experimentado del propio g\u00e9nero, comprendido desde la vivencia interna e individual de cada persona.<\/p>\n<p>&nbsp;<\/p>\n<p><strong>Orientaci\u00f3n afectiva-er\u00f3tica-sexual:<\/strong> se trata de la atracci\u00f3n f\u00edsica, afectiva, sexual o emocional de una persona hacia otras, que no se encuentra sujeta a determinaciones biol\u00f3gicas.<\/p>\n<p>&nbsp;<\/p>\n<p><strong>Masculinidad hegem\u00f3nica:<\/strong> es un modelo predominante de construcci\u00f3n de la masculinidad, que se transmite culturalmente y es adoptado por la mayor\u00eda de los varones. Puede expresarse de distintas maneras, pero las m\u00e1s comunes son: el car\u00e1cter proveedor, la valent\u00eda, independencia, potencia, entre otras.<\/p>\n<p>&nbsp;<\/p>\n<p><strong>Invisibilidad de las mujeres:<\/strong> cuando las mujeres son excluidas de una realidad en la que son parte activa. Por ejemplo, cuando no aparecen datos estad\u00edsticos desagregados por g\u00e9nero.<\/p>\n<p>&nbsp;<\/p>\n<p><strong>Minimizar la problem\u00e1tica de las mujeres<\/strong>: consiste en trivializar o no dar importancia a las experiencias, problemas y realidades de las mujeres, por ejemplo: no evidenciar la violencia dom\u00e9stica o el acoso sexual o laboral cuando es un fen\u00f3meno muy com\u00fan.<\/p>\n<p>&nbsp;<\/p>\n<p><em>Fuente DIB<\/em><\/p>\n","protected":false},"excerpt":{"rendered":"<p>Se implementar\u00e1 una \u201cgu\u00eda pr\u00e1ctica de comunicaci\u00f3n con sensibilidad de g\u00e9nero del transporte\u201d, que se sumar\u00e1 a los ex\u00e1menes ya<\/p>\n","protected":false},"author":3,"featured_media":14632,"comment_status":"closed","ping_status":"closed","sticky":false,"template":"","format":"standard","meta":{"_jetpack_memberships_contains_paid_content":false,"footnotes":""},"categories":[3,1],"tags":[],"class_list":["post-14631","post","type-post","status-publish","format-standard","has-post-thumbnail","hentry","category-genero","category-portada"],"jetpack_featured_media_url":"https:\/\/i0.wp.com\/cdnoticias.com\/wp-content\/uploads\/2021\/02\/licencia-conducir-696x392.jpg?fit=696%2C392&ssl=1","jetpack_sharing_enabled":true,"_links":{"self":[{"href":"https:\/\/cdnoticias.com\/index.php\/wp-json\/wp\/v2\/posts\/14631","targetHints":{"allow":["GET"]}}],"collection":[{"href":"https:\/\/cdnoticias.com\/index.php\/wp-json\/wp\/v2\/posts"}],"about":[{"href":"https:\/\/cdnoticias.com\/index.php\/wp-json\/wp\/v2\/types\/post"}],"author":[{"embeddable":true,"href":"https:\/\/cdnoticias.com\/index.php\/wp-json\/wp\/v2\/users\/3"}],"replies":[{"embeddable":true,"href":"https:\/\/cdnoticias.com\/index.php\/wp-json\/wp\/v2\/comments?post=14631"}],"version-history":[{"count":0,"href":"https:\/\/cdnoticias.com\/index.php\/wp-json\/wp\/v2\/posts\/14631\/revisions"}],"wp:featuredmedia":[{"embeddable":true,"href":"https:\/\/cdnoticias.com\/index.php\/wp-json\/wp\/v2\/media\/14632"}],"wp:attachment":[{"href":"https:\/\/cdnoticias.com\/index.php\/wp-json\/wp\/v2\/media?parent=14631"}],"wp:term":[{"taxonomy":"category","embeddable":true,"href":"https:\/\/cdnoticias.com\/index.php\/wp-json\/wp\/v2\/categories?post=14631"},{"taxonomy":"post_tag","embeddable":true,"href":"https:\/\/cdnoticias.com\/index.php\/wp-json\/wp\/v2\/tags?post=14631"}],"curies":[{"name":"wp","href":"https:\/\/api.w.org\/{rel}","templated":true}]}}