{"id":146288,"date":"2022-04-01T17:37:44","date_gmt":"2022-04-01T20:37:44","guid":{"rendered":"http:\/\/centraldeportes.com.ar\/?p=13734"},"modified":"2022-04-01T17:37:44","modified_gmt":"2022-04-01T20:37:44","slug":"federico-chingotto-y-juan-tello-perdieron-en-las-semis-de-qatar","status":"publish","type":"post","link":"https:\/\/cdnoticias.com\/index.php\/2022\/04\/01\/federico-chingotto-y-juan-tello-perdieron-en-las-semis-de-qatar\/","title":{"rendered":"Federico Chingotto y Juan Tello perdieron en las \u201cSemis\u201d de Qatar"},"content":{"rendered":"<p>La pareja del olavarriense y el cordob\u00e9s se present\u00f3 este viernes en el Khalifa Internacional Tennis and Squash Complex y qued\u00f3 eliminada ante Alejandro Gal\u00e1n y Juan Lebr\u00f3n.<!--more--><\/p>\n<hr \/>\n<p>Chingotto y Tello cayeron por 6\/4 6\/3 ante Gal\u00e1n y Lebr\u00f3n en la en la instancia de Semifinales del primer certamen organizado por Premier P\u00e1del.<\/p>\n<p>&nbsp;<\/p>\n<p>El olavarrienses y el cordob\u00e9s volver\u00e1n a presentarse la venidera semana dentro del circuito del World P\u00e1del Tour.<\/p>\n","protected":false},"excerpt":{"rendered":"<p>La pareja del olavarriense y el cordob\u00e9s se present\u00f3 este viernes en el Khalifa Internacional Tennis and Squash Complex y<\/p>\n","protected":false},"author":96739694,"featured_media":146289,"comment_status":"closed","ping_status":"closed","sticky":false,"template":"","format":"standard","meta":{"_jetpack_memberships_contains_paid_content":false,"footnotes":""},"categories":[30,1],"tags":[],"class_list":["post-146288","post","type-post","status-publish","format-standard","has-post-thumbnail","hentry","category-polideportivo","category-portada"],"jetpack_featured_media_url":"https:\/\/i0.wp.com\/cdnoticias.com\/wp-content\/uploads\/2022\/04\/WhatsApp-Image-2022-04-01-at-17.30.14-e1648845449444.jpeg?fit=710%2C383&ssl=1","jetpack_sharing_enabled":true,"_links":{"self":[{"href":"https:\/\/cdnoticias.com\/index.php\/wp-json\/wp\/v2\/posts\/146288","targetHints":{"allow":["GET"]}}],"collection":[{"href":"https:\/\/cdnoticias.com\/index.php\/wp-json\/wp\/v2\/posts"}],"about":[{"href":"https:\/\/cdnoticias.com\/index.php\/wp-json\/wp\/v2\/types\/post"}],"author":[{"embeddable":true,"href":"https:\/\/cdnoticias.com\/index.php\/wp-json\/wp\/v2\/users\/96739694"}],"replies":[{"embeddable":true,"href":"https:\/\/cdnoticias.com\/index.php\/wp-json\/wp\/v2\/comments?post=146288"}],"version-history":[{"count":0,"href":"https:\/\/cdnoticias.com\/index.php\/wp-json\/wp\/v2\/posts\/146288\/revisions"}],"wp:featuredmedia":[{"embeddable":true,"href":"https:\/\/cdnoticias.com\/index.php\/wp-json\/wp\/v2\/media\/146289"}],"wp:attachment":[{"href":"https:\/\/cdnoticias.com\/index.php\/wp-json\/wp\/v2\/media?parent=146288"}],"wp:term":[{"taxonomy":"category","embeddable":true,"href":"https:\/\/cdnoticias.com\/index.php\/wp-json\/wp\/v2\/categories?post=146288"},{"taxonomy":"post_tag","embeddable":true,"href":"https:\/\/cdnoticias.com\/index.php\/wp-json\/wp\/v2\/tags?post=146288"}],"curies":[{"name":"wp","href":"https:\/\/api.w.org\/{rel}","templated":true}]}}