{"id":146266,"date":"2022-04-02T11:37:36","date_gmt":"2022-04-02T14:37:36","guid":{"rendered":"http:\/\/centraldeportes.com.ar\/?p=13769"},"modified":"2022-04-02T11:37:36","modified_gmt":"2022-04-02T14:37:36","slug":"daiana-moura-completo-su-experiencia-en-alemania","status":"publish","type":"post","link":"https:\/\/cdnoticias.com\/index.php\/2022\/04\/02\/daiana-moura-completo-su-experiencia-en-alemania\/","title":{"rendered":"Daiana Moura complet\u00f3 su experiencia en Alemania"},"content":{"rendered":"<p>Con dos pruebas de 50 metros, Daiana Moura concluy\u00f3 su presentaci\u00f3n en la World League que se lleva a cabo en Berl\u00edn.<!--more--><\/p>\n<hr \/>\n<p>Daiana Moura \u00a0se present\u00f3 este s\u00e1bado tuvo sus dos \u00faltimas pruebas. Primero nad\u00f3 los 50 metros libres donde con un tiempo de 44.90 baj\u00f3 su registro previo y se ubic\u00f3 en la sexta.<\/p>\n<p>&nbsp;<\/p>\n<p>Y en su \u00faltima prueba, la olavarriense complet\u00f3 lo 50 metros pecho y en el debut dentro de la prueba, marc\u00f3 50.31 para ser quinta.<\/p>\n<p>&nbsp;<\/p>\n<p>Poco descanso tendr\u00e1 la representante nacional ya que el venidero fin de semana competir\u00e1 en el Centro Nacional de Alto Rendimiento Deportivo con el objetivo de lograr las marcas para el Mundial de Portugal.<\/p>\n","protected":false},"excerpt":{"rendered":"<p>Con dos pruebas de 50 metros, Daiana Moura concluy\u00f3 su presentaci\u00f3n en la World League que se lleva a cabo<\/p>\n","protected":false},"author":96739694,"featured_media":146267,"comment_status":"closed","ping_status":"closed","sticky":false,"template":"","format":"standard","meta":{"_jetpack_memberships_contains_paid_content":false,"footnotes":""},"categories":[30,1],"tags":[],"class_list":["post-146266","post","type-post","status-publish","format-standard","has-post-thumbnail","hentry","category-polideportivo","category-portada"],"jetpack_featured_media_url":"https:\/\/i0.wp.com\/cdnoticias.com\/wp-content\/uploads\/2022\/04\/WhatsApp-Image-2022-03-30-at-11.55.06-AM.jpeg?fit=1040%2C780&ssl=1","jetpack_sharing_enabled":true,"_links":{"self":[{"href":"https:\/\/cdnoticias.com\/index.php\/wp-json\/wp\/v2\/posts\/146266","targetHints":{"allow":["GET"]}}],"collection":[{"href":"https:\/\/cdnoticias.com\/index.php\/wp-json\/wp\/v2\/posts"}],"about":[{"href":"https:\/\/cdnoticias.com\/index.php\/wp-json\/wp\/v2\/types\/post"}],"author":[{"embeddable":true,"href":"https:\/\/cdnoticias.com\/index.php\/wp-json\/wp\/v2\/users\/96739694"}],"replies":[{"embeddable":true,"href":"https:\/\/cdnoticias.com\/index.php\/wp-json\/wp\/v2\/comments?post=146266"}],"version-history":[{"count":0,"href":"https:\/\/cdnoticias.com\/index.php\/wp-json\/wp\/v2\/posts\/146266\/revisions"}],"wp:featuredmedia":[{"embeddable":true,"href":"https:\/\/cdnoticias.com\/index.php\/wp-json\/wp\/v2\/media\/146267"}],"wp:attachment":[{"href":"https:\/\/cdnoticias.com\/index.php\/wp-json\/wp\/v2\/media?parent=146266"}],"wp:term":[{"taxonomy":"category","embeddable":true,"href":"https:\/\/cdnoticias.com\/index.php\/wp-json\/wp\/v2\/categories?post=146266"},{"taxonomy":"post_tag","embeddable":true,"href":"https:\/\/cdnoticias.com\/index.php\/wp-json\/wp\/v2\/tags?post=146266"}],"curies":[{"name":"wp","href":"https:\/\/api.w.org\/{rel}","templated":true}]}}