{"id":146260,"date":"2022-04-02T18:31:30","date_gmt":"2022-04-02T21:31:30","guid":{"rendered":"http:\/\/centraldeportes.com.ar\/?p=13828"},"modified":"2022-04-02T18:31:30","modified_gmt":"2022-04-02T21:31:30","slug":"inferiores-empezo-el-torneo-apertura","status":"publish","type":"post","link":"https:\/\/cdnoticias.com\/index.php\/2022\/04\/02\/inferiores-empezo-el-torneo-apertura\/","title":{"rendered":"Inferiores: empez\u00f3 el Torneo Apertura"},"content":{"rendered":"<p>Este s\u00e1bado dio comienzo el segundo torneo del a\u00f1o para las categor\u00edas formativas del f\u00fatbol olavarriense y durante la primera fecha se jug\u00f3 el \u201cCl\u00e1sico de las Sierras\u201d.<\/p>\n<p><!--more--><\/p>\n<hr \/>\n<p>Tras la finalizaci\u00f3n del Torneo Preparaci\u00f3n, comenz\u00f3 la competencia oficial para el f\u00fatbol formativo y en el cl\u00e1sico de las Sierras, el \u201cLe\u00f3n\u201d sum\u00f3 m\u00e1s que Loma Negra. Adem\u00e1s en el duelo destacado, El Fort\u00edn sum\u00f3 m\u00e1s que Racing y Embajadores gole\u00f3 en todas sus presentaciones en el Enrique De la Quintana.<\/p>\n<p>&nbsp;<\/p>\n<p>[soliloquy slug=&#8221;inferiores-futbol-3&#8243;]<\/p>\n<p>&nbsp;<\/p>\n<p>Los resultados fueron:<\/p>\n<p>&nbsp;<\/p>\n<p>En D\u00e9cima:<br \/>\nSan Mart\u00edn 3 \u2013 0 Loma Negra<br \/>\nEl Fort\u00edn 2 \u2013 0 Racing<br \/>\nSierra Chica 0 \u2013 2 Estudiantes<br \/>\nHinojo 0 \u2013 7 Embajadores<br \/>\nEl Fort\u00edn 2 \u2013 0 El Fort\u00edn<\/p>\n<p>En Novena:<br \/>\nSan Mart\u00edn 0 \u2013 0 Loma Negra<br \/>\nEl Fort\u00edn 3 \u2013 0 Racing<br \/>\nSierra Chica 1 \u2013 0 Estudiantes<\/p>\n<p>En Octava:<br \/>\nSan Mart\u00edn 0 \u2013 0 Loma Negra<br \/>\nEl Fort\u00edn 0 \u2013 0 Racing<br \/>\nHinojo 0 \u2013 7 Embajadores<\/p>\n<p>En S\u00e9ptima:<br \/>\nRacing 0 \u2013 0 El Fort\u00edn<br \/>\nSierra Chica 1 \u2013 0 Estudiantes<br \/>\nHinojo 0 \u2013 2 Embajadores<\/p>\n<p>En Sexta:<br \/>\nSan Mart\u00edn 1 \u2013 0 Loma Negra<br \/>\nRacing 0 \u2013 1 El Fort\u00edn<\/p>\n<p>En Quinta:<br \/>\nLuj\u00e1n 0 \u2013 5 Ferro<br \/>\nRacing 1 \u2013 3 El Fort\u00edn<br \/>\nSierra Chica 1 \u2013 2 Estudiantes<br \/>\nHinojo 0 \u2013 3 Embajadores<\/p>\n","protected":false},"excerpt":{"rendered":"<p>Este s\u00e1bado dio comienzo el segundo torneo del a\u00f1o para las categor\u00edas formativas del f\u00fatbol olavarriense y durante la primera<\/p>\n","protected":false},"author":96739694,"featured_media":146261,"comment_status":"closed","ping_status":"closed","sticky":false,"template":"","format":"standard","meta":{"_jetpack_memberships_contains_paid_content":false,"footnotes":""},"categories":[35,40,1],"tags":[],"class_list":["post-146260","post","type-post","status-publish","format-standard","has-post-thumbnail","hentry","category-futbol","category-inferiores","category-portada"],"jetpack_featured_media_url":"https:\/\/i0.wp.com\/cdnoticias.com\/wp-content\/uploads\/2022\/04\/racing-fortin-inferiores-5.png?fit=1280%2C853&ssl=1","jetpack_sharing_enabled":true,"_links":{"self":[{"href":"https:\/\/cdnoticias.com\/index.php\/wp-json\/wp\/v2\/posts\/146260","targetHints":{"allow":["GET"]}}],"collection":[{"href":"https:\/\/cdnoticias.com\/index.php\/wp-json\/wp\/v2\/posts"}],"about":[{"href":"https:\/\/cdnoticias.com\/index.php\/wp-json\/wp\/v2\/types\/post"}],"author":[{"embeddable":true,"href":"https:\/\/cdnoticias.com\/index.php\/wp-json\/wp\/v2\/users\/96739694"}],"replies":[{"embeddable":true,"href":"https:\/\/cdnoticias.com\/index.php\/wp-json\/wp\/v2\/comments?post=146260"}],"version-history":[{"count":0,"href":"https:\/\/cdnoticias.com\/index.php\/wp-json\/wp\/v2\/posts\/146260\/revisions"}],"wp:featuredmedia":[{"embeddable":true,"href":"https:\/\/cdnoticias.com\/index.php\/wp-json\/wp\/v2\/media\/146261"}],"wp:attachment":[{"href":"https:\/\/cdnoticias.com\/index.php\/wp-json\/wp\/v2\/media?parent=146260"}],"wp:term":[{"taxonomy":"category","embeddable":true,"href":"https:\/\/cdnoticias.com\/index.php\/wp-json\/wp\/v2\/categories?post=146260"},{"taxonomy":"post_tag","embeddable":true,"href":"https:\/\/cdnoticias.com\/index.php\/wp-json\/wp\/v2\/tags?post=146260"}],"curies":[{"name":"wp","href":"https:\/\/api.w.org\/{rel}","templated":true}]}}