{"id":146256,"date":"2022-04-02T18:59:21","date_gmt":"2022-04-02T21:59:21","guid":{"rendered":"http:\/\/centraldeportes.com.ar\/?p=13830"},"modified":"2022-04-02T18:59:21","modified_gmt":"2022-04-02T21:59:21","slug":"juan-ignacio-barbieri-marco-en-la-goleada-del-canario","status":"publish","type":"post","link":"https:\/\/cdnoticias.com\/index.php\/2022\/04\/02\/juan-ignacio-barbieri-marco-en-la-goleada-del-canario\/","title":{"rendered":"Juan Ignacio Barbieri marc\u00f3 en la goleada del \u201cCanario\u201d"},"content":{"rendered":"<p>Flandria venci\u00f3 4 a 0 a San Mart\u00edn en la tarde de este s\u00e1bado en el marco de la 9\u00aa fecha de la Primera Nacional y uno de los goles fue de Juan Ignacio Barbieri.<\/p>\n<p><!--more--><\/p>\n<hr \/>\n<p>En el Carlos V de J\u00e1uregui, el \u201cCanario\u201d se reencontr\u00f3 con la victoria con una goleada y el delantero olavarriense que ingres\u00f3 en el segundo tiempo marc\u00f3 el cuarto gol de su equipo cuando iban 80 minutos.<\/p>\n<p>&nbsp;<\/p>\n<div class=\"jetpack-video-wrapper\"><iframe loading=\"lazy\" width=\"800\" height=\"450\" src=\"https:\/\/www.youtube.com\/embed\/A2fP_TwtI2g?feature=oembed\" frameborder=\"0\" allow=\"accelerometer; autoplay; clipboard-write; encrypted-media; gyroscope; picture-in-picture\" allowfullscreen><\/iframe><\/div>\n<p>&nbsp;<\/p>\n<p>Adem\u00e1s, previamente hab\u00edan convertido Franco Gordillo a los 24\u00b4, Brian Ferreyra a los 58\u00b4 y Gast\u00f3n Mansilla a los 62\u00b4.<\/p>\n<p>&nbsp;<\/p>\n<p>El conjunto de Andr\u00e9s Montenegro suma ocho puntos en la tabla y la pr\u00f3xima fecha visitar\u00e1 a Chaco For Ever.<\/p>\n","protected":false},"excerpt":{"rendered":"<p>Flandria venci\u00f3 4 a 0 a San Mart\u00edn en la tarde de este s\u00e1bado en el marco de la 9\u00aa<\/p>\n","protected":false},"author":96739694,"featured_media":146257,"comment_status":"closed","ping_status":"closed","sticky":false,"template":"","format":"standard","meta":{"_jetpack_memberships_contains_paid_content":false,"footnotes":""},"categories":[35,37,1],"tags":[],"class_list":["post-146256","post","type-post","status-publish","format-standard","has-post-thumbnail","hentry","category-futbol","category-futbol-profesional","category-portada"],"jetpack_featured_media_url":"https:\/\/i0.wp.com\/cdnoticias.com\/wp-content\/uploads\/2022\/04\/brbieri.png?fit=800%2C445&ssl=1","jetpack_sharing_enabled":true,"_links":{"self":[{"href":"https:\/\/cdnoticias.com\/index.php\/wp-json\/wp\/v2\/posts\/146256","targetHints":{"allow":["GET"]}}],"collection":[{"href":"https:\/\/cdnoticias.com\/index.php\/wp-json\/wp\/v2\/posts"}],"about":[{"href":"https:\/\/cdnoticias.com\/index.php\/wp-json\/wp\/v2\/types\/post"}],"author":[{"embeddable":true,"href":"https:\/\/cdnoticias.com\/index.php\/wp-json\/wp\/v2\/users\/96739694"}],"replies":[{"embeddable":true,"href":"https:\/\/cdnoticias.com\/index.php\/wp-json\/wp\/v2\/comments?post=146256"}],"version-history":[{"count":0,"href":"https:\/\/cdnoticias.com\/index.php\/wp-json\/wp\/v2\/posts\/146256\/revisions"}],"wp:featuredmedia":[{"embeddable":true,"href":"https:\/\/cdnoticias.com\/index.php\/wp-json\/wp\/v2\/media\/146257"}],"wp:attachment":[{"href":"https:\/\/cdnoticias.com\/index.php\/wp-json\/wp\/v2\/media?parent=146256"}],"wp:term":[{"taxonomy":"category","embeddable":true,"href":"https:\/\/cdnoticias.com\/index.php\/wp-json\/wp\/v2\/categories?post=146256"},{"taxonomy":"post_tag","embeddable":true,"href":"https:\/\/cdnoticias.com\/index.php\/wp-json\/wp\/v2\/tags?post=146256"}],"curies":[{"name":"wp","href":"https:\/\/api.w.org\/{rel}","templated":true}]}}