{"id":146252,"date":"2022-04-02T19:02:46","date_gmt":"2022-04-02T22:02:46","guid":{"rendered":"http:\/\/centraldeportes.com.ar\/?p=13834"},"modified":"2022-04-02T19:02:46","modified_gmt":"2022-04-02T22:02:46","slug":"se-acabo-la-mala-racha-velez-gano-con-dos-goles-de-janson","status":"publish","type":"post","link":"https:\/\/cdnoticias.com\/index.php\/2022\/04\/02\/se-acabo-la-mala-racha-velez-gano-con-dos-goles-de-janson\/","title":{"rendered":"Se acab\u00f3 la mala racha: V\u00e9lez gan\u00f3 con dos goles de Janson"},"content":{"rendered":"<p>V\u00e9lez Sarsfield recibi\u00f3 en el Jos\u00e9 Amalfitani a Lan\u00fas y se impuso por 3 a 1 en lo que signific\u00f3 el regreso a la victoria para el equipo de Liniers. Lucas Janson marc\u00f3 los primeros dos goles.<\/p>\n<p><!--more--><\/p>\n<hr \/>\n<p>El delantero olavarriense marc\u00f3 por duplicado en la tarde de este s\u00e1bado en la 8\u00aa fecha de la \u201cCopa de la Liga\u201d. El primero de los goles fue para decretar la igualdad a los 44\u00b4 de la primera parte tras una buena jugada colectiva y luego a los 4\u00b4 del segundo tiempo, aprovech\u00f3 un rebote para quebrar la paridad.<\/p>\n<p>&nbsp;<\/p>\n<div class=\"jetpack-video-wrapper\"><iframe loading=\"lazy\" width=\"800\" height=\"450\" src=\"https:\/\/www.youtube.com\/embed\/wMMLLzRoWQc?feature=oembed\" frameborder=\"0\" allow=\"accelerometer; autoplay; clipboard-write; encrypted-media; gyroscope; picture-in-picture\" allowfullscreen><\/iframe><\/div>\n<p>&nbsp;<\/p>\n<p>Adem\u00e1s, en el equipo que fue dirigido por Julio Vaccari, anot\u00f3 Lucas Pratto a los 93\u00b4 y para el \u201cGranate\u201d hab\u00eda abierto el marcador Nicol\u00e1s Pasquini a los 11 minutos de iniciado el cotejo.<br \/>\nEl delantero olavarriense fue titular en el \u201cFort\u00edn\u201d y sali\u00f3 reemplazado a los 90 minutos por Agust\u00edn Bouzat.<\/p>\n","protected":false},"excerpt":{"rendered":"<p>V\u00e9lez Sarsfield recibi\u00f3 en el Jos\u00e9 Amalfitani a Lan\u00fas y se impuso por 3 a 1 en lo que signific\u00f3<\/p>\n","protected":false},"author":96739694,"featured_media":146253,"comment_status":"closed","ping_status":"closed","sticky":false,"template":"","format":"standard","meta":{"_jetpack_memberships_contains_paid_content":false,"footnotes":""},"categories":[35,37,1],"tags":[],"class_list":["post-146252","post","type-post","status-publish","format-standard","has-post-thumbnail","hentry","category-futbol","category-futbol-profesional","category-portada"],"jetpack_featured_media_url":"https:\/\/i0.wp.com\/cdnoticias.com\/wp-content\/uploads\/2022\/04\/janson.png?fit=800%2C445&ssl=1","jetpack_sharing_enabled":true,"_links":{"self":[{"href":"https:\/\/cdnoticias.com\/index.php\/wp-json\/wp\/v2\/posts\/146252","targetHints":{"allow":["GET"]}}],"collection":[{"href":"https:\/\/cdnoticias.com\/index.php\/wp-json\/wp\/v2\/posts"}],"about":[{"href":"https:\/\/cdnoticias.com\/index.php\/wp-json\/wp\/v2\/types\/post"}],"author":[{"embeddable":true,"href":"https:\/\/cdnoticias.com\/index.php\/wp-json\/wp\/v2\/users\/96739694"}],"replies":[{"embeddable":true,"href":"https:\/\/cdnoticias.com\/index.php\/wp-json\/wp\/v2\/comments?post=146252"}],"version-history":[{"count":0,"href":"https:\/\/cdnoticias.com\/index.php\/wp-json\/wp\/v2\/posts\/146252\/revisions"}],"wp:featuredmedia":[{"embeddable":true,"href":"https:\/\/cdnoticias.com\/index.php\/wp-json\/wp\/v2\/media\/146253"}],"wp:attachment":[{"href":"https:\/\/cdnoticias.com\/index.php\/wp-json\/wp\/v2\/media?parent=146252"}],"wp:term":[{"taxonomy":"category","embeddable":true,"href":"https:\/\/cdnoticias.com\/index.php\/wp-json\/wp\/v2\/categories?post=146252"},{"taxonomy":"post_tag","embeddable":true,"href":"https:\/\/cdnoticias.com\/index.php\/wp-json\/wp\/v2\/tags?post=146252"}],"curies":[{"name":"wp","href":"https:\/\/api.w.org\/{rel}","templated":true}]}}