{"id":14622,"date":"2021-02-24T16:32:33","date_gmt":"2021-02-24T19:32:33","guid":{"rendered":"http:\/\/www.centraldenoticias.com.ar\/?p=14622"},"modified":"2021-02-24T16:32:33","modified_gmt":"2021-02-24T19:32:33","slug":"femicidio-en-villa-la-angostura-guadalupe-habia-denunciado-a-su-ex-pareja","status":"publish","type":"post","link":"https:\/\/cdnoticias.com\/index.php\/2021\/02\/24\/femicidio-en-villa-la-angostura-guadalupe-habia-denunciado-a-su-ex-pareja\/","title":{"rendered":"Femicidio en Villa La Angostura: Guadalupe hab\u00eda denunciado a su ex pareja"},"content":{"rendered":"<p>La joven de 21 a\u00f1os fue asesinada de una pu\u00f1alada en el t\u00f3rax en pleno centro de la ciudad neuquina. Hay manifestaciones y pedido de renuncia en la fiscal\u00eda de la localidad.<!--more--><\/p>\n<hr \/>\n<p>Una joven de 21 a\u00f1os y madre de una beba fue asesinada de una pu\u00f1alada en el t\u00f3rax por su expareja, quien la corri\u00f3 e intercept\u00f3 en pleno centro de la ciudad neuquina de Villa la Angostura y la atac\u00f3 frente a turistas que paseaban por la zona.<\/p>\n<p>&nbsp;<\/p>\n<p>Los voceros judiciales y policiales informaron que <strong>el agresor ten\u00eda una restricci\u00f3n de acercamiento a la v\u00edctima, quien lo hab\u00eda denunciado por violencia de g\u00e9nero en tres oportunidades.<\/strong><\/p>\n<p>&nbsp;<\/p>\n<p><strong>Guadalupe Curual hab\u00eda expresado a sus amigas que ten\u00eda miedo<\/strong> porque su exnovio le estaba enviando mensajes de chat en los que la amenazaba con que iba a matarla.<\/p>\n<p>&nbsp;<\/p>\n<p>Luego del hecho, durante la jornada de este mi\u00e9rcoles, <strong>un grupo de vecinos y militantes de agrupaciones feministas y contra la violencia de g\u00e9nero pidieron frente a la fiscal\u00eda, donde adem\u00e1s le reclamaron la renuncia al fiscal<\/strong> de la causa.<\/p>\n<p>&nbsp;<\/p>\n<p><img data-recalc-dims=\"1\" loading=\"lazy\" decoding=\"async\" class=\"alignnone size-full wp-image-14624\" src=\"https:\/\/i0.wp.com\/cdnoticias.com\/wp-content\/uploads\/2021\/02\/60368c0b22c61_1004x565.jpg?resize=800%2C450&#038;ssl=1\" alt=\"\" width=\"800\" height=\"450\" srcset=\"https:\/\/i0.wp.com\/cdnoticias.com\/wp-content\/uploads\/2021\/02\/60368c0b22c61_1004x565.jpg?w=1004&amp;ssl=1 1004w, https:\/\/i0.wp.com\/cdnoticias.com\/wp-content\/uploads\/2021\/02\/60368c0b22c61_1004x565.jpg?resize=300%2C169&amp;ssl=1 300w, https:\/\/i0.wp.com\/cdnoticias.com\/wp-content\/uploads\/2021\/02\/60368c0b22c61_1004x565.jpg?resize=768%2C432&amp;ssl=1 768w\" sizes=\"auto, (max-width: 800px) 100vw, 800px\" \/><\/p>\n<p>&nbsp;<\/p>\n<p>Los manifestantes ingresaron a la sede judicial y obligaron a que tanto<strong> el fiscal de la causa, Adri\u00e1n de Lillo, como su superior, el fiscal jefe Fernando Rubio, salieran a la calle a dar explicaciones.<\/strong><\/p>\n<p>&nbsp;<\/p>\n<p><em>\u201cEstuve trabajando en la comisar\u00eda y en el lugar del hecho. Hicimos los secuestros, fui al hospital. La fiscal\u00eda ha podido lograr recabar mucha informaci\u00f3n\u201d<\/em>, explic\u00f3 De Lillo, que <strong>fue repudiado cuando al hablar del imputado Bautista Quintriqueo (32) se refiri\u00f3 a \u00e9l como \u201cla persona\u201d y tuvo que corregirse y llamarlo \u201cel femicida\u201d.<\/strong><\/p>\n<p>&nbsp;<\/p>\n<p>Cuando le reprocharon por las denuncias previas que hab\u00eda formulado Guadalupe, De Lillo trat\u00f3 de desvincularse de ellas y volvi\u00f3 a ser abucheado.<\/p>\n<p>&nbsp;<\/p>\n<p><strong><em>\u201cHay otra parte t\u00e9cnica que tiene que ver con las denuncias en la oficina de violencia y no depende de la fiscal\u00eda\u201d<\/em><\/strong>, dijo, aunque luego reconoci\u00f3 que <strong><em>\u201csomos todos el Estado\u201d.<\/em><\/strong><\/p>\n<p>&nbsp;<\/p>\n<p>Cuando una de las referentes de la marcha le pregunt\u00f3 <strong><em>\u201c\u00bfqu\u00e9 fall\u00f3 para que Guadalupe est\u00e9 muerta?\u201d,<\/em><\/strong> quien tom\u00f3 la palabra fue <strong>el fiscal jefe Fernando Rubio y contest\u00f3: <em>\u201cYo no tengo dudas de que hubo fallas y las hubo en otros casos igualmente terribles\u201d.<\/em><\/strong><\/p>\n<p>&nbsp;<\/p>\n<p>La respuesta gener\u00f3 un nuevo repudio de la multitud que le grit\u00f3 a los fiscales frases como <em>\u201cretirate\u201d, \u201cpresent\u00e1 la renuncia\u201d, \u201cno te queremos ac\u00e1\u201d y \u201cdej\u00e1 el cargo\u201d.<\/em><\/p>\n<p>&nbsp;<\/p>\n<p><em>Fuente: T\u00e9lam<\/em><\/p>\n","protected":false},"excerpt":{"rendered":"<p>La joven de 21 a\u00f1os fue asesinada de una pu\u00f1alada en el t\u00f3rax en pleno centro de la ciudad neuquina.<\/p>\n","protected":false},"author":5,"featured_media":14623,"comment_status":"closed","ping_status":"closed","sticky":false,"template":"","format":"standard","meta":{"_jetpack_memberships_contains_paid_content":false,"footnotes":""},"categories":[6,1],"tags":[],"class_list":["post-14622","post","type-post","status-publish","format-standard","has-post-thumbnail","hentry","category-nacionales","category-portada"],"jetpack_featured_media_url":"https:\/\/i0.wp.com\/cdnoticias.com\/wp-content\/uploads\/2021\/02\/60366cd608547_1004x565.jpg?fit=1004%2C565&ssl=1","jetpack_sharing_enabled":true,"_links":{"self":[{"href":"https:\/\/cdnoticias.com\/index.php\/wp-json\/wp\/v2\/posts\/14622","targetHints":{"allow":["GET"]}}],"collection":[{"href":"https:\/\/cdnoticias.com\/index.php\/wp-json\/wp\/v2\/posts"}],"about":[{"href":"https:\/\/cdnoticias.com\/index.php\/wp-json\/wp\/v2\/types\/post"}],"author":[{"embeddable":true,"href":"https:\/\/cdnoticias.com\/index.php\/wp-json\/wp\/v2\/users\/5"}],"replies":[{"embeddable":true,"href":"https:\/\/cdnoticias.com\/index.php\/wp-json\/wp\/v2\/comments?post=14622"}],"version-history":[{"count":0,"href":"https:\/\/cdnoticias.com\/index.php\/wp-json\/wp\/v2\/posts\/14622\/revisions"}],"wp:featuredmedia":[{"embeddable":true,"href":"https:\/\/cdnoticias.com\/index.php\/wp-json\/wp\/v2\/media\/14623"}],"wp:attachment":[{"href":"https:\/\/cdnoticias.com\/index.php\/wp-json\/wp\/v2\/media?parent=14622"}],"wp:term":[{"taxonomy":"category","embeddable":true,"href":"https:\/\/cdnoticias.com\/index.php\/wp-json\/wp\/v2\/categories?post=14622"},{"taxonomy":"post_tag","embeddable":true,"href":"https:\/\/cdnoticias.com\/index.php\/wp-json\/wp\/v2\/tags?post=14622"}],"curies":[{"name":"wp","href":"https:\/\/api.w.org\/{rel}","templated":true}]}}