{"id":146173,"date":"2022-03-30T15:16:53","date_gmt":"2022-03-30T18:16:53","guid":{"rendered":"http:\/\/centraldeportes.com.ar\/?p=13628"},"modified":"2022-03-30T15:16:53","modified_gmt":"2022-03-30T18:16:53","slug":"olavarrienses-participaron-en-el-torneo-nacional-de-veteranos","status":"publish","type":"post","link":"https:\/\/cdnoticias.com\/index.php\/2022\/03\/30\/olavarrienses-participaron-en-el-torneo-nacional-de-veteranos\/","title":{"rendered":"Olavarrienses participaron en el Torneo Nacional de Veteranos"},"content":{"rendered":"<p>En Tandil se llev\u00f3 a cabo el Torneo Nacional de Veteranos con mucha participaci\u00f3n olavarriense y destacada actuaci\u00f3n de los representantes de Estudiantes.<!--more--><\/p>\n<hr \/>\n<p>Una importante delegaci\u00f3n de deportistas oriundos de Olavarr\u00eda estuvo compitiendo en Tandil desde el pasado jueves hasta el domingo en lo que fue la primera fecha de Veteranos modalidad Dobles.<\/p>\n<p>&nbsp;<\/p>\n<p>Entre los locales participantes, Estudiantes fue una de las delegaciones que m\u00e1s gente convoc\u00f3 y se trajo varios premios.<\/p>\n<p>&nbsp;<\/p>\n<p>El Torneo se jug\u00f3 en diferentes sedes en la localidad serrana como Uncas, Independiente de Tandil, Club N\u00e1utico y Los Cardos.<\/p>\n<p>&nbsp;<\/p>\n<p>Resultados finales delegaci\u00f3n de Estudiantes:<br \/>\nDam\u00e1s Copa de Oro +30:<br \/>\nManuela Ordo\u00f1ez y Florencia Magnaterra Campeonas<br \/>\nDamas Copa de Oro +30:<br \/>\nEstefan\u00eda Alsina Subcampeona junto a compa\u00f1era de Pilar<br \/>\nMixto +30:<br \/>\nCecilia Paulo campeona junto a Bernardo Palacios de La Pedrera<br \/>\nMixto Copa de Plata +30:<br \/>\nManuela Ordo\u00f1ez y Luciano Aguerre Campeones<br \/>\nCopa de Plata +40:<br \/>\nRodrigo Campagnale y Luciano Aguerre Campeones<br \/>\nCopa de Oro +60:<br \/>\nRoberto Lalanne Campe\u00f3n junto a compa\u00f1ero de Tandil<\/p>\n<p>&nbsp;<\/p>\n<p>Adem\u00e1s, en representaci\u00f3n del Club Ferro, Javier Berd\u00fan y Marcelo Murillo lograron el primer puesto en la Copa de Oro +40.<\/p>\n<p>&nbsp;<\/p>\n<p>El resto de la delegaci\u00f3n que particip\u00f3 fueron: Manuel Castro, \u201cCacho\u201d Campagnale y \u201cPuchi\u201d Rodr\u00edguez en +70. Tambi\u00e9n fueron: Cristina Arregui, Marina Fal, Mariela Messineo, Clara Torres, Guadalupe Gil, Leonardo Patan\u00e9, Roberto Mateo, Mat\u00edas Castro, Juan Ignacio Vecchi, Rub\u00e9n Musotto, Juan Mujica, Chicho Tessone, Mariano Filippin, Ferm\u00edn Ferreira, Gonzalo Dura\u00f1ona, Carlos Alsina, Mariano Galarza, Jos\u00e9 Bonetto y Luciano Rubio.<\/p>\n<p>&nbsp;<\/p>\n<p>Adem\u00e1s, la delegaci\u00f3n de Estudiantes aprovech\u00f3 a presentar lo que ser\u00e1 la segunda fecha de Veteranos en Olavarr\u00eda con la \u201cCopa Memorial Tito Vecchi\u201d los pr\u00f3ximos 22, 23 y 24 de abril.<\/p>\n","protected":false},"excerpt":{"rendered":"<p>En Tandil se llev\u00f3 a cabo el Torneo Nacional de Veteranos con mucha participaci\u00f3n olavarriense y destacada actuaci\u00f3n de los<\/p>\n","protected":false},"author":96739694,"featured_media":146174,"comment_status":"closed","ping_status":"closed","sticky":false,"template":"","format":"standard","meta":{"_jetpack_memberships_contains_paid_content":false,"footnotes":""},"categories":[30,1],"tags":[],"class_list":["post-146173","post","type-post","status-publish","format-standard","has-post-thumbnail","hentry","category-polideportivo","category-portada"],"jetpack_featured_media_url":"https:\/\/i0.wp.com\/cdnoticias.com\/wp-content\/uploads\/2022\/03\/277367113_386069760190388_103502722987872202_n.jpg?fit=2048%2C1223&ssl=1","jetpack_sharing_enabled":true,"_links":{"self":[{"href":"https:\/\/cdnoticias.com\/index.php\/wp-json\/wp\/v2\/posts\/146173","targetHints":{"allow":["GET"]}}],"collection":[{"href":"https:\/\/cdnoticias.com\/index.php\/wp-json\/wp\/v2\/posts"}],"about":[{"href":"https:\/\/cdnoticias.com\/index.php\/wp-json\/wp\/v2\/types\/post"}],"author":[{"embeddable":true,"href":"https:\/\/cdnoticias.com\/index.php\/wp-json\/wp\/v2\/users\/96739694"}],"replies":[{"embeddable":true,"href":"https:\/\/cdnoticias.com\/index.php\/wp-json\/wp\/v2\/comments?post=146173"}],"version-history":[{"count":0,"href":"https:\/\/cdnoticias.com\/index.php\/wp-json\/wp\/v2\/posts\/146173\/revisions"}],"wp:featuredmedia":[{"embeddable":true,"href":"https:\/\/cdnoticias.com\/index.php\/wp-json\/wp\/v2\/media\/146174"}],"wp:attachment":[{"href":"https:\/\/cdnoticias.com\/index.php\/wp-json\/wp\/v2\/media?parent=146173"}],"wp:term":[{"taxonomy":"category","embeddable":true,"href":"https:\/\/cdnoticias.com\/index.php\/wp-json\/wp\/v2\/categories?post=146173"},{"taxonomy":"post_tag","embeddable":true,"href":"https:\/\/cdnoticias.com\/index.php\/wp-json\/wp\/v2\/tags?post=146173"}],"curies":[{"name":"wp","href":"https:\/\/api.w.org\/{rel}","templated":true}]}}