{"id":146165,"date":"2022-03-30T17:50:19","date_gmt":"2022-03-30T20:50:19","guid":{"rendered":"http:\/\/centraldeportes.com.ar\/?p=13640"},"modified":"2022-03-30T17:50:19","modified_gmt":"2022-03-30T20:50:19","slug":"sesto-vs-marina-el-de-viedma-no-jugo-pero-gano","status":"publish","type":"post","link":"https:\/\/cdnoticias.com\/index.php\/2022\/03\/30\/sesto-vs-marina-el-de-viedma-no-jugo-pero-gano\/","title":{"rendered":"Sesto vs Marina: el de Viedma no jug\u00f3, pero gan\u00f3"},"content":{"rendered":"<p>En uno de los tres duelos de la noche del martes en Liga Argentina deb\u00edan cruzarse dos olavarrienses, pero uno estuvo ausente por lesi\u00f3n.<!--more--><\/p>\n<hr \/>\n<p>Ciclista Juninense recibi\u00f3 a Deportivo Viedma en el Coliseo del Boulevard y fue triunfo visitante por 102 a 101 en tiempo suplementario tras igualar en 83.<\/p>\n<p>&nbsp;<\/p>\n<p>En el equipo de R\u00edo Negro que se asegur\u00f3 el 1 de la Conferencia Sur en la gira donde s\u00f3lo sum\u00f3 victorias, no jug\u00f3 Mariano Marina que sufri\u00f3 en Pergamino una lesi\u00f3n en su codo y estar\u00e1 varias semanas inactivo.<\/p>\n<p>&nbsp;<\/p>\n<p>Por otro lado, en Ciclista Juninense, Mat\u00edas Sesto complet\u00f3 35 minutos con 12 puntos, 7 rebotes y 2 recuperos.<\/p>\n","protected":false},"excerpt":{"rendered":"<p>En uno de los tres duelos de la noche del martes en Liga Argentina deb\u00edan cruzarse dos olavarrienses, pero uno<\/p>\n","protected":false},"author":96739694,"featured_media":146166,"comment_status":"closed","ping_status":"closed","sticky":false,"template":"","format":"standard","meta":{"_jetpack_memberships_contains_paid_content":false,"footnotes":""},"categories":[31,32,1],"tags":[],"class_list":["post-146165","post","type-post","status-publish","format-standard","has-post-thumbnail","hentry","category-basquet","category-liga-argentina","category-portada"],"jetpack_featured_media_url":"https:\/\/i0.wp.com\/cdnoticias.com\/wp-content\/uploads\/2022\/03\/whatsapp_image_2022-03-01_at_12.06.53_am.jpg?fit=1280%2C850&ssl=1","jetpack_sharing_enabled":true,"_links":{"self":[{"href":"https:\/\/cdnoticias.com\/index.php\/wp-json\/wp\/v2\/posts\/146165","targetHints":{"allow":["GET"]}}],"collection":[{"href":"https:\/\/cdnoticias.com\/index.php\/wp-json\/wp\/v2\/posts"}],"about":[{"href":"https:\/\/cdnoticias.com\/index.php\/wp-json\/wp\/v2\/types\/post"}],"author":[{"embeddable":true,"href":"https:\/\/cdnoticias.com\/index.php\/wp-json\/wp\/v2\/users\/96739694"}],"replies":[{"embeddable":true,"href":"https:\/\/cdnoticias.com\/index.php\/wp-json\/wp\/v2\/comments?post=146165"}],"version-history":[{"count":0,"href":"https:\/\/cdnoticias.com\/index.php\/wp-json\/wp\/v2\/posts\/146165\/revisions"}],"wp:featuredmedia":[{"embeddable":true,"href":"https:\/\/cdnoticias.com\/index.php\/wp-json\/wp\/v2\/media\/146166"}],"wp:attachment":[{"href":"https:\/\/cdnoticias.com\/index.php\/wp-json\/wp\/v2\/media?parent=146165"}],"wp:term":[{"taxonomy":"category","embeddable":true,"href":"https:\/\/cdnoticias.com\/index.php\/wp-json\/wp\/v2\/categories?post=146165"},{"taxonomy":"post_tag","embeddable":true,"href":"https:\/\/cdnoticias.com\/index.php\/wp-json\/wp\/v2\/tags?post=146165"}],"curies":[{"name":"wp","href":"https:\/\/api.w.org\/{rel}","templated":true}]}}