{"id":14612,"date":"2021-02-24T15:26:21","date_gmt":"2021-02-24T18:26:21","guid":{"rendered":"http:\/\/www.centraldenoticias.com.ar\/?p=14612"},"modified":"2021-02-24T17:14:26","modified_gmt":"2021-02-24T20:14:26","slug":"robbiani-estamos-muy-contentos-de-poder-dar-inicio-con-las-actividades","status":"publish","type":"post","link":"https:\/\/cdnoticias.com\/index.php\/2021\/02\/24\/robbiani-estamos-muy-contentos-de-poder-dar-inicio-con-las-actividades\/","title":{"rendered":"Robbiani: \u201cEstamos muy contentos de poder dar inicio con las actividades\u201d"},"content":{"rendered":"<p>Lo asegur\u00f3 el secretario de Desarrollo Humano y Calidad de Vida ante el inicio de la actividad 2021 en Jardines Maternales, Centros de D\u00eda y Callejeadas.<!--more--><\/p>\n<hr \/>\n<p>Ante el<a href=\"https:\/\/cdnoticias.com\/index.php\/2021\/02\/24\/el-proximo-lunes-comienzan-jardines-maternales-centros-de-dia-y-callejeadas\/\" target=\"_blank\" rel=\"noopener\"> comienzo de actividades en Jardines Maternales Municipales, Centros de D\u00edas y Callejeadas<\/a>, el secretario de Desarrollo Humano y Calidad de Vida del Municipio Diego Robbiani, destac\u00f3 el trabajo realizado con los protocolos en las \u00e1reas de Desarrollo Social, Deportes, Cultura, Derechos, Igualdad y Oportunidades.<\/p>\n<p>&nbsp;<\/p>\n<p>Robbiani aclar\u00f3 puntualmente que <strong><em>\u201cen el caso de los jardines maternales van a comenzar a funcionar con ni\u00f1os y ni\u00f1as de dos a\u00f1os, para evitar la complejidad de que en la burbuja tengan que estar involucrados los padres\u201d.<\/em><\/strong><\/p>\n<p>&nbsp;<\/p>\n<p>El funcionario municipal subray\u00f3 que <em>\u201ces importante comenzar a trabajar porque los ni\u00f1os, ni\u00f1as y adolescentes no tuvieron los espacios de contenci\u00f3n, de educaci\u00f3n no formal. Es clave el rol del Municipio en este aspecto\u201d.<\/em><\/p>\n<p>&nbsp;<\/p>\n<p><em>\u201cEstamos muy contentos de poder dar inicio a estas actividades, <strong>con limitaciones propias que surgen de los protocolos<\/strong>, que a medida que pase el tiempo y si seguimos en esta baja de los casos positivos de Covid-19 durante el a\u00f1o y la vacunaci\u00f3n -que es clave para regresar a la normalidad relativa- vamos a volver con el normal funcionamiento de estos servicios\u201d<\/em>, consider\u00f3 finalmente el secretario de Desarrollo Humano y Calidad de Vida del Municipio.<\/p>\n","protected":false},"excerpt":{"rendered":"<p>Lo asegur\u00f3 el secretario de Desarrollo Humano y Calidad de Vida ante el inicio de la actividad 2021 en Jardines<\/p>\n","protected":false},"author":5,"featured_media":14613,"comment_status":"closed","ping_status":"closed","sticky":false,"template":"","format":"standard","meta":{"_jetpack_memberships_contains_paid_content":false,"footnotes":""},"categories":[5,1],"tags":[],"class_list":["post-14612","post","type-post","status-publish","format-standard","has-post-thumbnail","hentry","category-informacion-general","category-portada"],"jetpack_featured_media_url":"https:\/\/i0.wp.com\/cdnoticias.com\/wp-content\/uploads\/2021\/02\/DH-Robbiani.jpg?fit=1012%2C707&ssl=1","jetpack_sharing_enabled":true,"_links":{"self":[{"href":"https:\/\/cdnoticias.com\/index.php\/wp-json\/wp\/v2\/posts\/14612","targetHints":{"allow":["GET"]}}],"collection":[{"href":"https:\/\/cdnoticias.com\/index.php\/wp-json\/wp\/v2\/posts"}],"about":[{"href":"https:\/\/cdnoticias.com\/index.php\/wp-json\/wp\/v2\/types\/post"}],"author":[{"embeddable":true,"href":"https:\/\/cdnoticias.com\/index.php\/wp-json\/wp\/v2\/users\/5"}],"replies":[{"embeddable":true,"href":"https:\/\/cdnoticias.com\/index.php\/wp-json\/wp\/v2\/comments?post=14612"}],"version-history":[{"count":0,"href":"https:\/\/cdnoticias.com\/index.php\/wp-json\/wp\/v2\/posts\/14612\/revisions"}],"wp:featuredmedia":[{"embeddable":true,"href":"https:\/\/cdnoticias.com\/index.php\/wp-json\/wp\/v2\/media\/14613"}],"wp:attachment":[{"href":"https:\/\/cdnoticias.com\/index.php\/wp-json\/wp\/v2\/media?parent=14612"}],"wp:term":[{"taxonomy":"category","embeddable":true,"href":"https:\/\/cdnoticias.com\/index.php\/wp-json\/wp\/v2\/categories?post=14612"},{"taxonomy":"post_tag","embeddable":true,"href":"https:\/\/cdnoticias.com\/index.php\/wp-json\/wp\/v2\/tags?post=14612"}],"curies":[{"name":"wp","href":"https:\/\/api.w.org\/{rel}","templated":true}]}}