{"id":146083,"date":"2022-03-26T21:29:29","date_gmt":"2022-03-27T00:29:29","guid":{"rendered":"http:\/\/centraldeportes.com.ar\/?p=13442"},"modified":"2022-03-26T21:29:29","modified_gmt":"2022-03-27T00:29:29","slug":"podios-para-los-fortineros-en-mar-del-plata","status":"publish","type":"post","link":"https:\/\/cdnoticias.com\/index.php\/2022\/03\/26\/podios-para-los-fortineros-en-mar-del-plata\/","title":{"rendered":"Podios para los \u201cFortineros\u201d en Mar del Plata"},"content":{"rendered":"<p>Atletas de El Fort\u00edn se presentaron en la primera jornada del Campeonato Provincial Sub20 y lograron buenos resultados en Mar del Plata.<!--more--><\/p>\n<hr \/>\n<p>&nbsp;<\/p>\n<p>Juana Martinefsky, Tatiana Tonel, Paloma Wagner, Tamara Moro, Clara Rudolf, Agust\u00edn Pey, Agust\u00edn Bstos, Ignacio Alga\u00f1araz, Bautista Astiz, Valentino Escaig y Lautaro \u00c1lvarez se presentaron en la pista \u201cJusto Rom\u00e1n\u201d de la ciudad balnearia.<\/p>\n<p>&nbsp;<\/p>\n<p>Las mejores actuaciones fueron las de Tatiana Tonel que obtuvo el campeonato provincial en los 400 metros con un tiempo de 63.42, la de Bautista Astiz que fue segundo en los 400 metros con un tiempo de 51.82 e Ignacio Alga\u00f1arez que fue medalla de bronce en la prueba de 400 metros con un tiempo de 53.07.<\/p>\n<p>&nbsp;<\/p>\n<p>Juana Martinefsky en los 100 metros, logr\u00f3 el cuarto puesto en la final con un tiempo de 13.06 y en los 400 metros fue quinta con 66.74 y Tatiana Tonel compiti\u00f3 en los 100 metros con vallas.<\/p>\n<p>&nbsp;<\/p>\n<p>En los 100 metos con vallas, Paloma Wagner registr\u00f3 un tiempo de 19.51 para ser quinta y Tamara Moro y Clara Rudolf debutaron en las citas provinciales.<\/p>\n<p>&nbsp;<\/p>\n<p>Entre los caballeros, Agust\u00edn Pey fue tercero en la serie de 100 metros y Bautista Astiz, adem\u00e1s de la medalla, se present\u00f3 en los 100 metros donde finaliz\u00f3 cuarto con 11.09.<\/p>\n<p>&nbsp;<\/p>\n<p>Agust\u00edn Bustos fu cuarto en la serie de 400 metros; Lautaro \u00c1lvarez registr\u00f3 un tiempo de 17.30 en la final de 110 metros con vallas para ser quinto y fue tercero en su serie de 400 metros y Valentino Escaig fue \u00a0cuarto con 62.15.<\/p>\n<p>&nbsp;<\/p>\n<p>Tambi\u00e9n tomaron parte de la posta 4&#215;100 Damas (Tamara Moro, Tatiana Tonel, Paloma Wagner y Juana Martinefsky) que finalizaron en la 4\u00b0 colocaci\u00f3n y \u00a0por el lado de los varones en posta 4&#215;100 participaron (Agust\u00edn Bustos, Diego \u00c1lvarez, Agust\u00edn Pey y Valentino Escaig) fueron quintos.<\/p>\n<p>&nbsp;<\/p>\n<p>&nbsp;<\/p>\n<p>&nbsp;<\/p>\n","protected":false},"excerpt":{"rendered":"<p>Atletas de El Fort\u00edn se presentaron en la primera jornada del Campeonato Provincial Sub20 y lograron buenos resultados en Mar<\/p>\n","protected":false},"author":96739694,"featured_media":146084,"comment_status":"closed","ping_status":"closed","sticky":false,"template":"","format":"standard","meta":{"_jetpack_memberships_contains_paid_content":false,"footnotes":""},"categories":[38,1],"tags":[],"class_list":["post-146083","post","type-post","status-publish","format-standard","has-post-thumbnail","hentry","category-pedestrismo","category-portada"],"jetpack_featured_media_url":"https:\/\/i0.wp.com\/cdnoticias.com\/wp-content\/uploads\/2022\/03\/WhatsApp-Image-2022-03-26-at-18.29.21-e1648340947398.jpeg?fit=716%2C524&ssl=1","jetpack_sharing_enabled":true,"_links":{"self":[{"href":"https:\/\/cdnoticias.com\/index.php\/wp-json\/wp\/v2\/posts\/146083","targetHints":{"allow":["GET"]}}],"collection":[{"href":"https:\/\/cdnoticias.com\/index.php\/wp-json\/wp\/v2\/posts"}],"about":[{"href":"https:\/\/cdnoticias.com\/index.php\/wp-json\/wp\/v2\/types\/post"}],"author":[{"embeddable":true,"href":"https:\/\/cdnoticias.com\/index.php\/wp-json\/wp\/v2\/users\/96739694"}],"replies":[{"embeddable":true,"href":"https:\/\/cdnoticias.com\/index.php\/wp-json\/wp\/v2\/comments?post=146083"}],"version-history":[{"count":0,"href":"https:\/\/cdnoticias.com\/index.php\/wp-json\/wp\/v2\/posts\/146083\/revisions"}],"wp:featuredmedia":[{"embeddable":true,"href":"https:\/\/cdnoticias.com\/index.php\/wp-json\/wp\/v2\/media\/146084"}],"wp:attachment":[{"href":"https:\/\/cdnoticias.com\/index.php\/wp-json\/wp\/v2\/media?parent=146083"}],"wp:term":[{"taxonomy":"category","embeddable":true,"href":"https:\/\/cdnoticias.com\/index.php\/wp-json\/wp\/v2\/categories?post=146083"},{"taxonomy":"post_tag","embeddable":true,"href":"https:\/\/cdnoticias.com\/index.php\/wp-json\/wp\/v2\/tags?post=146083"}],"curies":[{"name":"wp","href":"https:\/\/api.w.org\/{rel}","templated":true}]}}