{"id":146075,"date":"2022-03-27T10:32:37","date_gmt":"2022-03-27T13:32:37","guid":{"rendered":"http:\/\/centraldeportes.com.ar\/?p=13449"},"modified":"2022-03-27T10:32:37","modified_gmt":"2022-03-27T13:32:37","slug":"braian-guille-marco-un-gol-en-la-victoria-de-olimpo","status":"publish","type":"post","link":"https:\/\/cdnoticias.com\/index.php\/2022\/03\/27\/braian-guille-marco-un-gol-en-la-victoria-de-olimpo\/","title":{"rendered":"Braian Guille marc\u00f3 un gol en la victoria de Olimpo"},"content":{"rendered":"<p>En la tarde del s\u00e1bado, Olimpo tuvo su debut en el Torneo Federal A y fue con victoria ante C\u00edrculo Deportivo por 3 a 2 en un Roberto Carminatti repleto. Braian Guille marc\u00f3 uno de los goles y tambi\u00e9n fue titular Nadir Hadad.<!--more--><\/p>\n<hr \/>\n<p>En el inicio de la tercera categor\u00eda del f\u00fatbol argentino, Olimpo empez\u00f3 de la mejor forma la b\u00fasqueda del ascenso y con cuatro goles en los primeros 12 minutos brindaron un gran espect\u00e1culo en Bah\u00eda Blanca.<\/p>\n<p>&nbsp;<\/p>\n<p>Enzo Ben\u00edtez a los 2 minutos abri\u00f3 el marcador para la visita, Juan Perotti igual\u00f3 para los locales a los 9\u00b4 y a la jugada siguiente nuevamente gol visitante a trav\u00e9s de Imanol Hern\u00e1ndez. Hasta que a los 12\u00b4, Braian Guille marc\u00f3 desde un tiro libre que se desvi\u00f3 en el \u00fanico hombre que estaba en la barrera y que descoloc\u00f3 al arquero Pave. El gol del triunfo para Olimpo fue de Mart\u00edn Ferreyra a los 70\u00b4.<\/p>\n<p>&nbsp;<\/p>\n<p>Adem\u00e1s, de Guille que sali\u00f3 reemplazado a los 90\u00b4 por \u00c1lvarez, Nadir Hadad fue titular y dej\u00f3 el campo de juego a los 61\u00b4 por M\u00e9ndez.<\/p>\n","protected":false},"excerpt":{"rendered":"<p>En la tarde del s\u00e1bado, Olimpo tuvo su debut en el Torneo Federal A y fue con victoria ante C\u00edrculo<\/p>\n","protected":false},"author":96739694,"featured_media":146076,"comment_status":"closed","ping_status":"closed","sticky":false,"template":"","format":"standard","meta":{"_jetpack_memberships_contains_paid_content":false,"footnotes":""},"categories":[35,37,1],"tags":[],"class_list":["post-146075","post","type-post","status-publish","format-standard","has-post-thumbnail","hentry","category-futbol","category-futbol-profesional","category-portada"],"jetpack_featured_media_url":"https:\/\/i0.wp.com\/cdnoticias.com\/wp-content\/uploads\/2022\/03\/WhatsApp-Image-2022-03-27-at-12.45.49-AM.jpeg?fit=774%2C516&ssl=1","jetpack_sharing_enabled":true,"_links":{"self":[{"href":"https:\/\/cdnoticias.com\/index.php\/wp-json\/wp\/v2\/posts\/146075","targetHints":{"allow":["GET"]}}],"collection":[{"href":"https:\/\/cdnoticias.com\/index.php\/wp-json\/wp\/v2\/posts"}],"about":[{"href":"https:\/\/cdnoticias.com\/index.php\/wp-json\/wp\/v2\/types\/post"}],"author":[{"embeddable":true,"href":"https:\/\/cdnoticias.com\/index.php\/wp-json\/wp\/v2\/users\/96739694"}],"replies":[{"embeddable":true,"href":"https:\/\/cdnoticias.com\/index.php\/wp-json\/wp\/v2\/comments?post=146075"}],"version-history":[{"count":0,"href":"https:\/\/cdnoticias.com\/index.php\/wp-json\/wp\/v2\/posts\/146075\/revisions"}],"wp:featuredmedia":[{"embeddable":true,"href":"https:\/\/cdnoticias.com\/index.php\/wp-json\/wp\/v2\/media\/146076"}],"wp:attachment":[{"href":"https:\/\/cdnoticias.com\/index.php\/wp-json\/wp\/v2\/media?parent=146075"}],"wp:term":[{"taxonomy":"category","embeddable":true,"href":"https:\/\/cdnoticias.com\/index.php\/wp-json\/wp\/v2\/categories?post=146075"},{"taxonomy":"post_tag","embeddable":true,"href":"https:\/\/cdnoticias.com\/index.php\/wp-json\/wp\/v2\/tags?post=146075"}],"curies":[{"name":"wp","href":"https:\/\/api.w.org\/{rel}","templated":true}]}}