{"id":146035,"date":"2022-03-25T14:46:57","date_gmt":"2022-03-25T17:46:57","guid":{"rendered":"http:\/\/centraldeportes.com.ar\/?p=13384"},"modified":"2022-03-25T14:46:57","modified_gmt":"2022-03-25T17:46:57","slug":"hubo-jornada-de-capacitacion-de-newcom","status":"publish","type":"post","link":"https:\/\/cdnoticias.com\/index.php\/2022\/03\/25\/hubo-jornada-de-capacitacion-de-newcom\/","title":{"rendered":"Hubo jornada de capacitaci\u00f3n de newcom"},"content":{"rendered":"<p>El pasado jueves, en la Casa del Deporte y el Club Pueblo Nuevo se llev\u00f3 a cabo una jornada de Reglamento de Newcom.<!--more--><\/p>\n<hr \/>\n<p>En instalaciones del \u201calbiverde\u201d se realiz\u00f3 una capacitaci\u00f3n sobre el newcom que cont\u00f3 con el auspicio de la Subsecretar\u00eda de Deporte y Recreaci\u00f3n de la Municipalidad de Olavarr\u00eda.<\/p>\n<p>&nbsp;<\/p>\n<p>Dentro del plan de\u00a0 crecimiento de este deporte, el juez nacional de newcom, el olavarriense Juan Pablo Mog\u00e1vero desarroll\u00f3 una doble jornada. Primero fue una clase te\u00f3rica en la Casa del Deporte y por la tarde en el Juan Maceo.<\/p>\n<p>&nbsp;<\/p>\n<p>En la jornada de la ma\u00f1ana se hicieron\u00a0 presentes el Director de Gesti\u00f3n Deportiva Profesor Oscar Gonz\u00e1lez y el referente del Newcom de La Direcci\u00f3n de Deportes, el profesor \u201cTato\u201d De Luca.<\/p>\n<p>&nbsp;<\/p>\n<p>Participaron representantes no s\u00f3lo de nuestra Ciudad sino tambi\u00e9n de Tandil, Benito Ju\u00e1rez, Monte Hermoso, Las Flores y Trenque Lauquen.<\/p>\n<p>&nbsp;<\/p>\n<p>Al finalizar la jornada se entregaron certificados de asistencia a los asistentes.<\/p>\n","protected":false},"excerpt":{"rendered":"<p>El pasado jueves, en la Casa del Deporte y el Club Pueblo Nuevo se llev\u00f3 a cabo una jornada de<\/p>\n","protected":false},"author":96739694,"featured_media":146036,"comment_status":"closed","ping_status":"closed","sticky":false,"template":"","format":"standard","meta":{"_jetpack_memberships_contains_paid_content":false,"footnotes":""},"categories":[30,1],"tags":[],"class_list":["post-146035","post","type-post","status-publish","format-standard","has-post-thumbnail","hentry","category-polideportivo","category-portada"],"jetpack_featured_media_url":"https:\/\/i0.wp.com\/cdnoticias.com\/wp-content\/uploads\/2022\/03\/WhatsApp-Image-2022-03-24-at-20.29.41.jpeg?fit=1160%2C870&ssl=1","jetpack_sharing_enabled":true,"_links":{"self":[{"href":"https:\/\/cdnoticias.com\/index.php\/wp-json\/wp\/v2\/posts\/146035","targetHints":{"allow":["GET"]}}],"collection":[{"href":"https:\/\/cdnoticias.com\/index.php\/wp-json\/wp\/v2\/posts"}],"about":[{"href":"https:\/\/cdnoticias.com\/index.php\/wp-json\/wp\/v2\/types\/post"}],"author":[{"embeddable":true,"href":"https:\/\/cdnoticias.com\/index.php\/wp-json\/wp\/v2\/users\/96739694"}],"replies":[{"embeddable":true,"href":"https:\/\/cdnoticias.com\/index.php\/wp-json\/wp\/v2\/comments?post=146035"}],"version-history":[{"count":0,"href":"https:\/\/cdnoticias.com\/index.php\/wp-json\/wp\/v2\/posts\/146035\/revisions"}],"wp:featuredmedia":[{"embeddable":true,"href":"https:\/\/cdnoticias.com\/index.php\/wp-json\/wp\/v2\/media\/146036"}],"wp:attachment":[{"href":"https:\/\/cdnoticias.com\/index.php\/wp-json\/wp\/v2\/media?parent=146035"}],"wp:term":[{"taxonomy":"category","embeddable":true,"href":"https:\/\/cdnoticias.com\/index.php\/wp-json\/wp\/v2\/categories?post=146035"},{"taxonomy":"post_tag","embeddable":true,"href":"https:\/\/cdnoticias.com\/index.php\/wp-json\/wp\/v2\/tags?post=146035"}],"curies":[{"name":"wp","href":"https:\/\/api.w.org\/{rel}","templated":true}]}}