{"id":145985,"date":"2022-03-23T18:29:30","date_gmt":"2022-03-23T21:29:30","guid":{"rendered":"http:\/\/centraldeportes.com.ar\/?p=13314"},"modified":"2022-03-23T18:29:30","modified_gmt":"2022-03-23T21:29:30","slug":"la-pelota-empezo-a-picar-para-las-categorias-formativas","status":"publish","type":"post","link":"https:\/\/cdnoticias.com\/index.php\/2022\/03\/23\/la-pelota-empezo-a-picar-para-las-categorias-formativas\/","title":{"rendered":"La pelota empez\u00f3 a picar para las categor\u00edas formativas"},"content":{"rendered":"<p>El pasado fin de semana dio inicio el Torneo Apertura organizado por la Asociaci\u00f3n de B\u00e1squet de Olavarr\u00eda para las categor\u00edas formativas.<!--more--><\/p>\n<hr \/>\n<p>En diferentes escenarios hubo actividad para el b\u00e1squet formativo y adem\u00e1s del inicio de la competencia, se realiz\u00f3 un encuentro de Minib\u00e1squet en el gimnasio del Club Ferro.<\/p>\n<p>&nbsp;<\/p>\n<p>[soliloquy slug=&#8221;abo&#8221;]<\/p>\n<p>&nbsp;<\/p>\n<p>Los resultados fueron:<\/p>\n<p>&nbsp;<\/p>\n<p>San Mart\u00edn \u2013 Pueblo Nuevo<\/p>\n<p>Mini: 43 &#8211; 17<\/p>\n<p>U15: 43 &#8211; 75<\/p>\n<p>U17: 64 &#8211; 54.<\/p>\n<p>El Fort\u00edn &#8211; Las Flores<\/p>\n<p>Mini: 25 &#8211; 38<\/p>\n<p>U13: 40 &#8211; 18<\/p>\n<p>U15: 33 &#8211; 37<\/p>\n<p>U17: 43 &#8211; 38<\/p>\n<p>Estudiantes Blanco &#8211; Racing La Madrid<\/p>\n<p>Mini: 91 &#8211; 02<\/p>\n<p>U13: 43 &#8211; 26<\/p>\n<p>U15: 73 &#8211; 74 (En suplementario)<\/p>\n<p>U17: 52 &#8211; 55.<\/p>\n<p>Racing Azul &#8211; Racing Blanco<\/p>\n<p>U15: 55 &#8211; 32<\/p>\n<p>U17: 89 &#8211; 32<\/p>\n<p>Loma Negra &#8211; Chacarita<\/p>\n<p>Mini: 32 &#8211; 46<\/p>\n<p>U15: 32 &#8211; 53<\/p>\n<p>U17: 67 \u2013 51<\/p>\n<p>&nbsp;<\/p>\n<p>La actividad continuar\u00e1 con la disputa de la segunda fecha y habr\u00e1 partidos aprovechando el feriado nacional del jueves 24. Pueblo Nuevo recibir\u00e1 a Loma Negra en Mini, U15 y U17 y Las Flores Basquet ser\u00e1 local de Racing Azul en Mini, U13, U15 y U17 desde las 10:00 y media hora m\u00e1s tarde, Ferro ser\u00e1 local de Estudiantes Blanco\u00a0 solo en Mini.<\/p>\n","protected":false},"excerpt":{"rendered":"<p>El pasado fin de semana dio inicio el Torneo Apertura organizado por la Asociaci\u00f3n de B\u00e1squet de Olavarr\u00eda para las<\/p>\n","protected":false},"author":96739694,"featured_media":0,"comment_status":"closed","ping_status":"closed","sticky":false,"template":"","format":"standard","meta":{"_jetpack_memberships_contains_paid_content":false,"footnotes":""},"categories":[31,44,1],"tags":[],"class_list":["post-145985","post","type-post","status-publish","format-standard","hentry","category-basquet","category-inferiores-basquet","category-portada"],"jetpack_featured_media_url":"","jetpack_sharing_enabled":true,"_links":{"self":[{"href":"https:\/\/cdnoticias.com\/index.php\/wp-json\/wp\/v2\/posts\/145985","targetHints":{"allow":["GET"]}}],"collection":[{"href":"https:\/\/cdnoticias.com\/index.php\/wp-json\/wp\/v2\/posts"}],"about":[{"href":"https:\/\/cdnoticias.com\/index.php\/wp-json\/wp\/v2\/types\/post"}],"author":[{"embeddable":true,"href":"https:\/\/cdnoticias.com\/index.php\/wp-json\/wp\/v2\/users\/96739694"}],"replies":[{"embeddable":true,"href":"https:\/\/cdnoticias.com\/index.php\/wp-json\/wp\/v2\/comments?post=145985"}],"version-history":[{"count":0,"href":"https:\/\/cdnoticias.com\/index.php\/wp-json\/wp\/v2\/posts\/145985\/revisions"}],"wp:attachment":[{"href":"https:\/\/cdnoticias.com\/index.php\/wp-json\/wp\/v2\/media?parent=145985"}],"wp:term":[{"taxonomy":"category","embeddable":true,"href":"https:\/\/cdnoticias.com\/index.php\/wp-json\/wp\/v2\/categories?post=145985"},{"taxonomy":"post_tag","embeddable":true,"href":"https:\/\/cdnoticias.com\/index.php\/wp-json\/wp\/v2\/tags?post=145985"}],"curies":[{"name":"wp","href":"https:\/\/api.w.org\/{rel}","templated":true}]}}