{"id":145973,"date":"2022-03-23T21:16:17","date_gmt":"2022-03-24T00:16:17","guid":{"rendered":"http:\/\/centraldeportes.com.ar\/?p=13322"},"modified":"2022-03-23T21:16:17","modified_gmt":"2022-03-24T00:16:17","slug":"por-el-alerta-meteorologico-suspendieron-el-futbol","status":"publish","type":"post","link":"https:\/\/cdnoticias.com\/index.php\/2022\/03\/23\/por-el-alerta-meteorologico-suspendieron-el-futbol\/","title":{"rendered":"Por el alerta meteorol\u00f3gico, suspendieron el f\u00fatbol"},"content":{"rendered":"<p>Para aprovechar el feriado nacional, el Torneo Uni\u00f3n Regional Deportiva iba a disputar la segunda fecha para las dos zonas que tienen 9 equipos, pero el alerta meteorol\u00f3gico que rige en la regi\u00f3n oblig\u00f3 a la suspensi\u00f3n.<!--more--><\/p>\n<hr \/>\n<p>Las Ligas de Olavarr\u00eda, Laprida y Bol\u00edvar decidieron este mi\u00e9rcoles la suspensi\u00f3n de la segunda fecha para las zonas 1 y 2 que iba a disputarse en el transcurso del jueves.<\/p>\n<p>&nbsp;<\/p>\n<p>Debido al pron\u00f3stico de lluvia que se anuncia para las pr\u00f3ximas horas, el Uni\u00f3n Regional Deportiva no podr\u00e1 adelantar la fecha para las zonas con 9 equipos y reci\u00e9n volver\u00e1n a la cancha, el 3 de abril.<\/p>\n<p>&nbsp;<\/p>\n<p>Los partidos que deb\u00edan jugarse por la Zona 1 eran Embajadores &#8211; San Jorge, Loma Negra &#8211; Lil\u00e1n, Bull Dog &#8211; Sierra Chica, Jorge Newbery de Laprida &#8211; San Mart\u00edn.<\/p>\n<p>&nbsp;<\/p>\n<p>Zona 2: Racing A. Club &#8211; Juventud, El Fort\u00edn &#8211; Barracas, Urdampilleta &#8211; Luj\u00e1n e Ingeniero Newbery de La Madrid &#8211; Hinojo.<\/p>\n<p>&nbsp;<\/p>\n<p>Con la suspensi\u00f3n consumada, el domingo 3 de abril jugar\u00e1 tambi\u00e9n la Zona 3 con los siguientes cruces: Independiente &#8211; Bancario, Ferro C. Sud &#8211; Platense, Racing de La Madrid &#8211; Estudiantes y Municipales &#8211; Empleados.<\/p>\n","protected":false},"excerpt":{"rendered":"<p>Para aprovechar el feriado nacional, el Torneo Uni\u00f3n Regional Deportiva iba a disputar la segunda fecha para las dos zonas<\/p>\n","protected":false},"author":96739694,"featured_media":145974,"comment_status":"closed","ping_status":"closed","sticky":false,"template":"","format":"standard","meta":{"_jetpack_memberships_contains_paid_content":false,"footnotes":""},"categories":[35,1,41],"tags":[],"class_list":["post-145973","post","type-post","status-publish","format-standard","has-post-thumbnail","hentry","category-futbol","category-portada","category-primera-y-reserva"],"jetpack_featured_media_url":"https:\/\/i0.wp.com\/cdnoticias.com\/wp-content\/uploads\/2022\/03\/futbol-12.png?fit=1280%2C853&ssl=1","jetpack_sharing_enabled":true,"_links":{"self":[{"href":"https:\/\/cdnoticias.com\/index.php\/wp-json\/wp\/v2\/posts\/145973","targetHints":{"allow":["GET"]}}],"collection":[{"href":"https:\/\/cdnoticias.com\/index.php\/wp-json\/wp\/v2\/posts"}],"about":[{"href":"https:\/\/cdnoticias.com\/index.php\/wp-json\/wp\/v2\/types\/post"}],"author":[{"embeddable":true,"href":"https:\/\/cdnoticias.com\/index.php\/wp-json\/wp\/v2\/users\/96739694"}],"replies":[{"embeddable":true,"href":"https:\/\/cdnoticias.com\/index.php\/wp-json\/wp\/v2\/comments?post=145973"}],"version-history":[{"count":0,"href":"https:\/\/cdnoticias.com\/index.php\/wp-json\/wp\/v2\/posts\/145973\/revisions"}],"wp:featuredmedia":[{"embeddable":true,"href":"https:\/\/cdnoticias.com\/index.php\/wp-json\/wp\/v2\/media\/145974"}],"wp:attachment":[{"href":"https:\/\/cdnoticias.com\/index.php\/wp-json\/wp\/v2\/media?parent=145973"}],"wp:term":[{"taxonomy":"category","embeddable":true,"href":"https:\/\/cdnoticias.com\/index.php\/wp-json\/wp\/v2\/categories?post=145973"},{"taxonomy":"post_tag","embeddable":true,"href":"https:\/\/cdnoticias.com\/index.php\/wp-json\/wp\/v2\/tags?post=145973"}],"curies":[{"name":"wp","href":"https:\/\/api.w.org\/{rel}","templated":true}]}}