{"id":145943,"date":"2022-03-24T20:24:11","date_gmt":"2022-03-24T23:24:11","guid":{"rendered":"http:\/\/centraldeportes.com.ar\/?p=13368"},"modified":"2022-03-24T20:24:11","modified_gmt":"2022-03-24T23:24:11","slug":"el-fortin-tuvo-una-gran-cena-aniversario-por-los-80-anos","status":"publish","type":"post","link":"https:\/\/cdnoticias.com\/index.php\/2022\/03\/24\/el-fortin-tuvo-una-gran-cena-aniversario-por-los-80-anos\/","title":{"rendered":"El Fort\u00edn tuvo una gran cena aniversario por los 80 a\u00f1os"},"content":{"rendered":"<p>En el sal\u00f3n de baile de la avenida Urquiza, el Club Social y Deportivo El Fort\u00edn celebr\u00f3 sus primeros 80 a\u00f1os de vida en la noche del mi\u00e9rcoles. Hubo un importante n\u00famero de asistentes.<!--more--><\/p>\n<hr \/>\n<p>M\u00e1s de 700 personas asistieron en la noche del mi\u00e9rcoles al festejo por el aniversario del Club El Fort\u00edn.<\/p>\n<p>&nbsp;<\/p>\n<p>Con una cena y baile, los \u201cFortineros\u201d festejaron su 80\u00b0 aniversario y hubo momentos de alegr\u00eda y emoci\u00f3n al homenajear al los campeones del \u00b462. Tambi\u00e9n se cant\u00f3 el feliz cumplea\u00f1os, se cort\u00f3 la torta y llegaron los tradicionales c\u00e1nticos a favor de El Fort\u00edn.<\/p>\n<p>&nbsp;<\/p>\n<p><img data-recalc-dims=\"1\" loading=\"lazy\" decoding=\"async\" class=\"alignnone size-medium wp-image-13369\" src=\"https:\/\/i0.wp.com\/centraldeportes.com.ar\/wp-content\/uploads\/2022\/03\/276240782_361546562647217_3138994046648340733_n-300x200.jpg?resize=300%2C200\" alt=\"\" width=\"300\" height=\"200\" \/><\/p>\n<p>&nbsp;<\/p>\n<p>&#8220;<strong>Tenemos 1200 chicos practicando distintos deportes en El Fort\u00edn. Ver las tardes llenas de chicos jugando en nuestro predio nos llena de orgullo y nos motiva a seguir transitando por este camino. Qued\u00f3 demostrado que somos un club de puertas abiertas. Eso prometimos y eso estamos haciendo<\/strong>&#8220;, expres\u00f3 Veneciano al momento de dirigirse a los presentes que adem\u00e1s disfrutaron de un show en vivo.<\/p>\n<p>&nbsp;<\/p>\n<p>Luego agradeci\u00f3 a &#8220;<strong><em>todos los que aportan su granito de arena para seguir creciendo d\u00eda a d\u00eda. A los que nos representan dentro de un campo de juego, a los dirigentes de las subcomisiones, a los socios e hinchas les pedimos que sigamos sumando. Es lo \u00fanico que sirve para avanzar<\/em><\/strong>&#8220;.<\/p>\n<p>&nbsp;<\/p>\n<p>Veneciano record\u00f3 que &#8220;<strong><em>con la pandemia la pasamos fea pero nos volvimos a poner de pie. Fueron momentos dur\u00edsimos y pudimos salir adelante. Creemos que lo peor ya pas\u00f3 y el futuro ser\u00e1 m\u00e1s que promisorio<\/em><\/strong>&#8220;.<\/p>\n","protected":false},"excerpt":{"rendered":"<p>En el sal\u00f3n de baile de la avenida Urquiza, el Club Social y Deportivo El Fort\u00edn celebr\u00f3 sus primeros 80<\/p>\n","protected":false},"author":96739694,"featured_media":145944,"comment_status":"closed","ping_status":"closed","sticky":false,"template":"","format":"standard","meta":{"_jetpack_memberships_contains_paid_content":false,"footnotes":""},"categories":[30,1],"tags":[],"class_list":["post-145943","post","type-post","status-publish","format-standard","has-post-thumbnail","hentry","category-polideportivo","category-portada"],"jetpack_featured_media_url":"https:\/\/i0.wp.com\/cdnoticias.com\/wp-content\/uploads\/2022\/03\/276269956_10229228920494205_3842747420780214239_n.jpg?fit=1600%2C900&ssl=1","jetpack_sharing_enabled":true,"_links":{"self":[{"href":"https:\/\/cdnoticias.com\/index.php\/wp-json\/wp\/v2\/posts\/145943","targetHints":{"allow":["GET"]}}],"collection":[{"href":"https:\/\/cdnoticias.com\/index.php\/wp-json\/wp\/v2\/posts"}],"about":[{"href":"https:\/\/cdnoticias.com\/index.php\/wp-json\/wp\/v2\/types\/post"}],"author":[{"embeddable":true,"href":"https:\/\/cdnoticias.com\/index.php\/wp-json\/wp\/v2\/users\/96739694"}],"replies":[{"embeddable":true,"href":"https:\/\/cdnoticias.com\/index.php\/wp-json\/wp\/v2\/comments?post=145943"}],"version-history":[{"count":0,"href":"https:\/\/cdnoticias.com\/index.php\/wp-json\/wp\/v2\/posts\/145943\/revisions"}],"wp:featuredmedia":[{"embeddable":true,"href":"https:\/\/cdnoticias.com\/index.php\/wp-json\/wp\/v2\/media\/145944"}],"wp:attachment":[{"href":"https:\/\/cdnoticias.com\/index.php\/wp-json\/wp\/v2\/media?parent=145943"}],"wp:term":[{"taxonomy":"category","embeddable":true,"href":"https:\/\/cdnoticias.com\/index.php\/wp-json\/wp\/v2\/categories?post=145943"},{"taxonomy":"post_tag","embeddable":true,"href":"https:\/\/cdnoticias.com\/index.php\/wp-json\/wp\/v2\/tags?post=145943"}],"curies":[{"name":"wp","href":"https:\/\/api.w.org\/{rel}","templated":true}]}}