{"id":145937,"date":"2021-12-30T20:40:42","date_gmt":"2021-12-30T23:40:42","guid":{"rendered":"http:\/\/centraldeportes.com.ar\/?p=10132"},"modified":"2021-12-30T20:40:42","modified_gmt":"2021-12-30T23:40:42","slug":"cambio-de-sede-para-las-direcciones-de-gestion-deportiva-y-deporte-social","status":"publish","type":"post","link":"https:\/\/cdnoticias.com\/index.php\/2021\/12\/30\/cambio-de-sede-para-las-direcciones-de-gestion-deportiva-y-deporte-social\/","title":{"rendered":"Cambio de sede para las direcciones de Gesti\u00f3n Deportiva y Deporte Social"},"content":{"rendered":"<p>Las direcciones de Gesti\u00f3n Deportiva y Deporte Social del Gobierno Municipal comenzar\u00e1n a funcionar en los pr\u00f3ximos d\u00edas en las instalaciones de La Casa del Deporte, ubicada en la avenida Del Valle 3549.<!--more--><\/p>\n<hr \/>\n<p>El Subsecretario de Deportes y Recreaci\u00f3n Juan Agust\u00edn Galli explic\u00f3: &#8220;<strong><em>En los \u00faltimos a\u00f1os hemos incrementado las actividades de la Subsecretar\u00eda de Deportes en el Partido de Olavarr\u00eda y eso conlleva a un crecimiento del \u00e1rea. Por eso tuvimos que dejar la casa que se us\u00f3 por muchos a\u00f1os y nos mudamos a un lugar m\u00e1s grande<\/em><\/strong>&#8220;.<\/p>\n<p>&nbsp;<\/p>\n<p>En este sentido, el propio Galli indic\u00f3 que &#8220;<em>vamos a poder trabajar mejor y vamos a poder ofrecer una mejor atenci\u00f3n a los vecinos que se acercan a realizar consultas o tr\u00e1mites. La Casa del Deporte es, adem\u00e1s, un lugar emblem\u00e1tico y reconocido por todos<\/em>&#8220;.<\/p>\n<p>&nbsp;<\/p>\n<p>Finalmente, desde la Subsecretar\u00eda de Deportes y Recreaci\u00f3n informaron a los vecinos que desde el lunes 3 de enero ya se pueden acercar a la Casa del Deporte a realizar consultas.<\/p>\n<p>&nbsp;<\/p>\n<p>&nbsp;<\/p>\n","protected":false},"excerpt":{"rendered":"<p>Las direcciones de Gesti\u00f3n Deportiva y Deporte Social del Gobierno Municipal comenzar\u00e1n a funcionar en los pr\u00f3ximos d\u00edas en las<\/p>\n","protected":false},"author":96739694,"featured_media":145938,"comment_status":"closed","ping_status":"closed","sticky":false,"template":"","format":"standard","meta":{"_jetpack_memberships_contains_paid_content":false,"footnotes":""},"categories":[30,1],"tags":[],"class_list":["post-145937","post","type-post","status-publish","format-standard","has-post-thumbnail","hentry","category-polideportivo","category-portada"],"jetpack_featured_media_url":"https:\/\/i0.wp.com\/cdnoticias.com\/wp-content\/uploads\/2021\/12\/IMG-20180315-WA00481.jpg?fit=1024%2C768&ssl=1","jetpack_sharing_enabled":true,"_links":{"self":[{"href":"https:\/\/cdnoticias.com\/index.php\/wp-json\/wp\/v2\/posts\/145937","targetHints":{"allow":["GET"]}}],"collection":[{"href":"https:\/\/cdnoticias.com\/index.php\/wp-json\/wp\/v2\/posts"}],"about":[{"href":"https:\/\/cdnoticias.com\/index.php\/wp-json\/wp\/v2\/types\/post"}],"author":[{"embeddable":true,"href":"https:\/\/cdnoticias.com\/index.php\/wp-json\/wp\/v2\/users\/96739694"}],"replies":[{"embeddable":true,"href":"https:\/\/cdnoticias.com\/index.php\/wp-json\/wp\/v2\/comments?post=145937"}],"version-history":[{"count":0,"href":"https:\/\/cdnoticias.com\/index.php\/wp-json\/wp\/v2\/posts\/145937\/revisions"}],"wp:featuredmedia":[{"embeddable":true,"href":"https:\/\/cdnoticias.com\/index.php\/wp-json\/wp\/v2\/media\/145938"}],"wp:attachment":[{"href":"https:\/\/cdnoticias.com\/index.php\/wp-json\/wp\/v2\/media?parent=145937"}],"wp:term":[{"taxonomy":"category","embeddable":true,"href":"https:\/\/cdnoticias.com\/index.php\/wp-json\/wp\/v2\/categories?post=145937"},{"taxonomy":"post_tag","embeddable":true,"href":"https:\/\/cdnoticias.com\/index.php\/wp-json\/wp\/v2\/tags?post=145937"}],"curies":[{"name":"wp","href":"https:\/\/api.w.org\/{rel}","templated":true}]}}