{"id":14593,"date":"2021-02-24T12:41:47","date_gmt":"2021-02-24T15:41:47","guid":{"rendered":"http:\/\/www.centraldenoticias.com.ar\/?p=14593"},"modified":"2021-02-24T15:26:33","modified_gmt":"2021-02-24T18:26:33","slug":"el-proximo-lunes-comienzan-jardines-maternales-centros-de-dia-y-callejeadas","status":"publish","type":"post","link":"https:\/\/cdnoticias.com\/index.php\/2021\/02\/24\/el-proximo-lunes-comienzan-jardines-maternales-centros-de-dia-y-callejeadas\/","title":{"rendered":"El pr\u00f3ximo lunes comienzan Jardines maternales, Centros de D\u00eda y Callejeadas"},"content":{"rendered":"<p>As\u00ed lo hizo saber el Municipio, con el inicio formal de las actividades del 2021. Habr\u00e1 divisi\u00f3n de turnos y estrictos protocolos para que puedan asistir de forma presencial.<!--more--><\/p>\n<hr \/>\n<p>Desde el pr\u00f3ximo lunes, <strong>el Municipio inform\u00f3<\/strong>, v\u00eda los equipos de la Subsecretar\u00eda de Desarrollo Social del Municipio -dependientes de la Secretar\u00eda de Desarrollo Humano y Calidad de Vida\u2013 <strong>que comenzar\u00e1n con la actividad 2021 en Jardines Maternales, Centros de D\u00eda y Callejeadas.<\/strong><\/p>\n<p>&nbsp;<\/p>\n<p>En el caso de<strong> los Jardines, la actividad en los espacios -de lunes a viernes- se dividir\u00e1 en doble turno: por la ma\u00f1ana en el horario de 8 a 11 horas y en la tarde de 13 a 16 horas<\/strong>, a excepci\u00f3n de los jardines Colores (Sierra Chica) y Gotitas de Roc\u00edo (Sierras Bayas) que debido a la matr\u00edcula s\u00f3lo funcionar\u00e1n en turno ma\u00f1ana.<\/p>\n<p>&nbsp;<\/p>\n<p>Cabe se\u00f1alar que <strong>por los protocolos por COVID19 no pueden concurrir m\u00e1s de tres horas y solamente se abrir\u00e1 -por ahora\u2013 Sala de 2 a\u00f1os<\/strong>, ya que con beb\u00e9s y deambuladores <em>\u201ces muy dif\u00edcil no tener contacto estrecho al acompa\u00f1arlos\u201d<\/em> explic\u00f3 la subsecretaria del \u00e1rea, Silvana Rosales.<\/p>\n<p>&nbsp;<\/p>\n<blockquote><p>A su vez, en las primeras semanas -y progresivamente- se realizar\u00e1 la adaptaci\u00f3n con 4 ni\u00f1os\/as y responsables que los acompa\u00f1en, m\u00e1s una docente. Luego de la adaptaci\u00f3n, habr\u00e1 dos burbujas de nueve ni\u00f1os\/as y una docente (de acuerdo a la matr\u00edcula de cada Jard\u00edn), m\u00e1s un personal auxiliar que har\u00e1 tareas de sanitizaci\u00f3n durante la jornada.<\/p><\/blockquote>\n<p>&nbsp;<\/p>\n<p>Se destac\u00f3, en este sentido, que <strong>al finalizar cada turno se realizar\u00e1 la higienizaci\u00f3n de todas las salas<\/strong> y que en cada espacio (tambi\u00e9n de los Centros de D\u00eda y las Callejeadas) habr\u00e1 un espacio exclusivo para aislamiento en caso que se detecte alg\u00fan ni\u00f1o, ni\u00f1a o adolescente con s\u00edntomas compatibles a Covid19.<\/p>\n<p>&nbsp;<\/p>\n<p><em>\u201cTodo el personal va a tener su material de higiene: barbijos, m\u00e1scaras faciales y sanitizante. Se tomar\u00e1 la temperatura al ingreso al Jard\u00edn y el lugar estar\u00e1 se\u00f1alizado. Por otra parte, en este verano, las docentes participaron de capacitaciones de Atenci\u00f3n Primaria de la Salud y de Seguridad e Higiene. En el protocolo nosotros agregamos que las \u2018se\u00f1os\u2019 puedan cambiar pa\u00f1ales. Siempre lo hicieron con guantes y con la seguridad que implica, as\u00ed que este a\u00f1o tambi\u00e9n se va a realizar\u201d<\/em>, explic\u00f3 Rosales.<\/p>\n<p>&nbsp;<\/p>\n<p>Respecto al proyecto integral, destac\u00f3 que<em> \u201carrancamos el lunes con Sala de 2 a\u00f1os y los docentes, de todos modos, tienen planificado el desarrollo del a\u00f1o. Lo han armado de tal manera que lo pueden realizar de manera virtual o presencial. Es decir que si hay alguna burbuja que debe aislarse, de manera virtual los docentes pueden continuar con el seguimiento pedag\u00f3gico y educativo\u201d.<\/em><\/p>\n<p>&nbsp;<\/p>\n<blockquote><p>Las funcionarias indicaron que cada familia <strong>tendr\u00e1 disponible el protocolo sanitario a seguir en caso de que se presenten s\u00edntomas compatibles con Covid19 en el Jard\u00edn<\/strong>. Asimismo, se\u00f1alaron que cada ni\u00f1o\/a tendr\u00e1 su material did\u00e1ctico y sillitas identificadas y que deber\u00e1n concurrir con mochila y objetos personales.<\/p><\/blockquote>\n<p>&nbsp;<\/p>\n<p><strong>Tanto en Centros de D\u00eda como Callejeadas tambi\u00e9n se dividir\u00e1n en burbujas por turnos.<\/strong> En todos los servicios municipales se respetar\u00e1n los protocolos estrictos pensados para el inicio y desarrollo de las actividades y en un trabajo mancomunado con la Secretar\u00eda de Salud.<\/p>\n<p>&nbsp;<\/p>\n<p><strong>Los Centros de D\u00eda 1, 2, 4, 5 y 7 desarrollar\u00e1n la actividad de lunes a viernes en el horario de 8 a 17 horas<\/strong>, divididos de la siguiente manera:<\/p>\n<p>&nbsp;<\/p>\n<p>De 8 a 10 horas: burbuja de 6 a 7 a\u00f1os y burbuja de 8 a 9 a\u00f1os.<\/p>\n<p>&nbsp;<\/p>\n<p>De 10 a 10:30 horas: limpieza y desinfecci\u00f3n.<\/p>\n<p>&nbsp;<\/p>\n<p>De 10:30 a 12:30 horas: burbuja de 10 a 11 a\u00f1os y burbuja de 12 a 14 a\u00f1os.<\/p>\n<p>&nbsp;<\/p>\n<p>De 12:30 a 13:00 horas: limpieza y desinfecci\u00f3n.<\/p>\n<p>&nbsp;<\/p>\n<p>De 13 a 14:30 horas: burbuja de 6 a 7 a\u00f1os y burbuja de 8 a 9 a\u00f1os.<\/p>\n<p>&nbsp;<\/p>\n<p>De 14:30 a 15:00 horas: limpieza y desinfecci\u00f3n.<\/p>\n<p>&nbsp;<\/p>\n<p>De 15 a 16:30 horas: burbuja de 10 a 11 a\u00f1os y burbuja de 12 a 14 a\u00f1os.<\/p>\n<p>&nbsp;<\/p>\n<p>De 16:30 a 17 horas: limpieza y desinfecci\u00f3n.<\/p>\n<p>&nbsp;<\/p>\n<p>Por \u00faltimo, se refirieron al comienzo de la actividad en <strong>Callejeadas. Las de Hinojo, Facundo Quiroga, El Progreso y Alberdi funcionar\u00e1n tres veces por semana a partir del 1\u00b0 de marzo, con dos burbujas por turno: de 17 a 18 horas lo har\u00e1n los ni\u00f1os\/as de 8 y 9 a\u00f1os y de 10 y 11 a\u00f1os; de 18:30 a 19:30 horas ser\u00e1 de 12 a 14 y de 15 a 18 a\u00f1os.<\/strong><\/p>\n<p>&nbsp;<\/p>\n<p>El inicio de las Callejeadas restantes se dar\u00e1 de manera paulatina con el correr de los d\u00edas.<\/p>\n","protected":false},"excerpt":{"rendered":"<p>As\u00ed lo hizo saber el Municipio, con el inicio formal de las actividades del 2021. Habr\u00e1 divisi\u00f3n de turnos y<\/p>\n","protected":false},"author":2,"featured_media":14594,"comment_status":"closed","ping_status":"closed","sticky":false,"template":"","format":"standard","meta":{"_jetpack_memberships_contains_paid_content":false,"footnotes":""},"categories":[5,1],"tags":[],"class_list":["post-14593","post","type-post","status-publish","format-standard","has-post-thumbnail","hentry","category-informacion-general","category-portada"],"jetpack_featured_media_url":"https:\/\/i0.wp.com\/cdnoticias.com\/wp-content\/uploads\/2021\/02\/Rosales-Bilbao-Clases-Jardin.jpg?fit=1024%2C766&ssl=1","jetpack_sharing_enabled":true,"_links":{"self":[{"href":"https:\/\/cdnoticias.com\/index.php\/wp-json\/wp\/v2\/posts\/14593","targetHints":{"allow":["GET"]}}],"collection":[{"href":"https:\/\/cdnoticias.com\/index.php\/wp-json\/wp\/v2\/posts"}],"about":[{"href":"https:\/\/cdnoticias.com\/index.php\/wp-json\/wp\/v2\/types\/post"}],"author":[{"embeddable":true,"href":"https:\/\/cdnoticias.com\/index.php\/wp-json\/wp\/v2\/users\/2"}],"replies":[{"embeddable":true,"href":"https:\/\/cdnoticias.com\/index.php\/wp-json\/wp\/v2\/comments?post=14593"}],"version-history":[{"count":0,"href":"https:\/\/cdnoticias.com\/index.php\/wp-json\/wp\/v2\/posts\/14593\/revisions"}],"wp:featuredmedia":[{"embeddable":true,"href":"https:\/\/cdnoticias.com\/index.php\/wp-json\/wp\/v2\/media\/14594"}],"wp:attachment":[{"href":"https:\/\/cdnoticias.com\/index.php\/wp-json\/wp\/v2\/media?parent=14593"}],"wp:term":[{"taxonomy":"category","embeddable":true,"href":"https:\/\/cdnoticias.com\/index.php\/wp-json\/wp\/v2\/categories?post=14593"},{"taxonomy":"post_tag","embeddable":true,"href":"https:\/\/cdnoticias.com\/index.php\/wp-json\/wp\/v2\/tags?post=14593"}],"curies":[{"name":"wp","href":"https:\/\/api.w.org\/{rel}","templated":true}]}}