{"id":145899,"date":"2022-03-23T15:17:09","date_gmt":"2022-03-23T18:17:09","guid":{"rendered":"http:\/\/centraldeportes.com.ar\/?p=13303"},"modified":"2022-03-23T15:17:09","modified_gmt":"2022-03-23T18:17:09","slug":"el-leon-serrano-conformo-la-subcomision-de-tenis","status":"publish","type":"post","link":"https:\/\/cdnoticias.com\/index.php\/2022\/03\/23\/el-leon-serrano-conformo-la-subcomision-de-tenis\/","title":{"rendered":"El \u201cLe\u00f3n Serrano\u201d conform\u00f3 la Subcomisi\u00f3n de Tenis"},"content":{"rendered":"<p>En los \u00faltimos d\u00edas qued\u00f3 conformada la Subcomisi\u00f3n de Tenis del Club San Mart\u00edn de Sierras Bayas que tiene como presidente a Cristian Barraza.<!--more--><\/p>\n<hr \/>\n<p>La entidad presidida por Federico Zamora anunci\u00f3 que el tenis estar\u00e1 a cargo de Cristian Barraza y Juan Manuel Cernak, Presidente y Vice de la Subcomisi\u00f3n.<\/p>\n<p>&nbsp;<\/p>\n<p>Adem\u00e1s integran el listado: Agust\u00edn Milia como Tesorero, Dar\u00edo Legori y Ezequiel Sabatini como Vocales\u00a0 Fabi\u00e1n Masson y Facundo Villeres como Vocales Suplentes.<\/p>\n","protected":false},"excerpt":{"rendered":"<p>En los \u00faltimos d\u00edas qued\u00f3 conformada la Subcomisi\u00f3n de Tenis del Club San Mart\u00edn de Sierras Bayas que tiene como<\/p>\n","protected":false},"author":96739694,"featured_media":145900,"comment_status":"closed","ping_status":"closed","sticky":false,"template":"","format":"standard","meta":{"_jetpack_memberships_contains_paid_content":false,"footnotes":""},"categories":[30,1],"tags":[],"class_list":["post-145899","post","type-post","status-publish","format-standard","has-post-thumbnail","hentry","category-polideportivo","category-portada"],"jetpack_featured_media_url":"https:\/\/i0.wp.com\/cdnoticias.com\/wp-content\/uploads\/2022\/03\/211-2-777x325.jpg?fit=777%2C325&ssl=1","jetpack_sharing_enabled":true,"_links":{"self":[{"href":"https:\/\/cdnoticias.com\/index.php\/wp-json\/wp\/v2\/posts\/145899","targetHints":{"allow":["GET"]}}],"collection":[{"href":"https:\/\/cdnoticias.com\/index.php\/wp-json\/wp\/v2\/posts"}],"about":[{"href":"https:\/\/cdnoticias.com\/index.php\/wp-json\/wp\/v2\/types\/post"}],"author":[{"embeddable":true,"href":"https:\/\/cdnoticias.com\/index.php\/wp-json\/wp\/v2\/users\/96739694"}],"replies":[{"embeddable":true,"href":"https:\/\/cdnoticias.com\/index.php\/wp-json\/wp\/v2\/comments?post=145899"}],"version-history":[{"count":0,"href":"https:\/\/cdnoticias.com\/index.php\/wp-json\/wp\/v2\/posts\/145899\/revisions"}],"wp:featuredmedia":[{"embeddable":true,"href":"https:\/\/cdnoticias.com\/index.php\/wp-json\/wp\/v2\/media\/145900"}],"wp:attachment":[{"href":"https:\/\/cdnoticias.com\/index.php\/wp-json\/wp\/v2\/media?parent=145899"}],"wp:term":[{"taxonomy":"category","embeddable":true,"href":"https:\/\/cdnoticias.com\/index.php\/wp-json\/wp\/v2\/categories?post=145899"},{"taxonomy":"post_tag","embeddable":true,"href":"https:\/\/cdnoticias.com\/index.php\/wp-json\/wp\/v2\/tags?post=145899"}],"curies":[{"name":"wp","href":"https:\/\/api.w.org\/{rel}","templated":true}]}}